{"id":69711,"date":"2024-06-23T16:48:47","date_gmt":"2024-06-23T22:48:47","guid":{"rendered":"https:\/\/zonaroja.com.mx\/?p=69711"},"modified":"2024-06-23T16:48:47","modified_gmt":"2024-06-23T22:48:47","slug":"el-edil-de-acteopan-puebla-es-acusado-de-atropellar-y-matar-a-su-esposa","status":"publish","type":"post","link":"https:\/\/zonaroja.com.mx\/?p=69711","title":{"rendered":"El edil de Acteopan, Puebla, es acusado de atropellar y matar a su esposa"},"content":{"rendered":"\n<p>Redacci\u00f3n\/Zona Roja Cdmx.<\/p>\n\n\n\n<p>Ciudad de M\u00e9xico, a 23 de junio de 2024.- \u00c1lvaro Tapia, presidente de Acteopan, Puebla, se convirti\u00f3 en el presunto feminicida de su esposa, Mar\u00eda Elianet Sandoval.<\/p>\n\n\n\n<p>Es acusado de atropellarla y causarle la muerte.<\/p>\n\n\n\n<p>Seg\u00fan las primeras versiones, el edil estaba borracho y discuti\u00f3 con la presidenta del DIF municipal cuando acudieron a una actividad juntos en el barrio de San Bernardino en Iz\u00facar de Matamoros, la noche del viernes 21 de junio.<\/p>\n\n\n\n<p>Ambos discutieron cuando se encontraban en una camioneta oficial. Ella se baj\u00f3 y empez\u00f3 a caminar y \u00e9l encendi\u00f3 la unidad, la persigui\u00f3 y arroll\u00f3 en la calle Guerrero.<\/p>\n\n\n\n<p>Seg\u00fan testigos y familiares de la mujer, el edil huy\u00f3 al verla tirada, mientras que ella fue llevada a un hospital de la regi\u00f3n para recibir atenci\u00f3n m\u00e9dica, pero ya no pudieron salvarle la vida.<\/p>\n\n\n\n<p>Seg\u00fan los reportes, la unidad que le pas\u00f3 encima le destroz\u00f3 las rodillas y costillas.<\/p>\n\n\n\n<p>La tarde de este s\u00e1bado que se confirm\u00f3 el feminicidio de la presidenta municipal de Acteopan, el gobernador Sergio Salom\u00f3n C\u00e9spedes conden\u00f3 el hecho y garantiz\u00f3 que no habr\u00e1 impunidad.<\/p>\n\n\n\n<p>La presidenta del Sistema Estatal DIF, Gabriela Bonilla tambi\u00e9n lament\u00f3 lo ocurrido.<\/p>\n\n\n\n<p>La Fiscal\u00eda General del Estado (FGE) inici\u00f3 una carpeta de investigaci\u00f3n por el delito de feminicidio, mientras que el presunto responsable, el edil \u00c1lvaro Tapia, es buscado.<\/p>\n\n\n\n<p>(Informaci\u00f3n de \u201cExpansi\u00f3n Pol\u00edtica\u201d).<\/p>\n","protected":false},"excerpt":{"rendered":"<p>Redacci\u00f3n\/Zona Roja Cdmx. Ciudad de M\u00e9xico, a 23 de junio de 2024.- \u00c1lvaro Tapia, presidente&hellip;<\/p>\n","protected":false},"author":2,"featured_media":69710,"comment_status":"closed","ping_status":"open","sticky":false,"template":"","format":"standard","meta":{"_lmt_disableupdate":"","_lmt_disable":"","_jetpack_memberships_contains_paid_content":false,"footnotes":""},"categories":[109,51],"tags":[],"class_list":["post-69711","post","type-post","status-publish","format-standard","has-post-thumbnail","hentry","category-minuto-a-minuto","category-zona-roja"],"jetpack_featured_media_url":"https:\/\/zonaroja.com.mx\/wp-content\/uploads\/2024\/06\/img_6439-1.jpg","jetpack_sharing_enabled":true,"_links":{"self":[{"href":"https:\/\/zonaroja.com.mx\/index.php?rest_route=\/wp\/v2\/posts\/69711","targetHints":{"allow":["GET"]}}],"collection":[{"href":"https:\/\/zonaroja.com.mx\/index.php?rest_route=\/wp\/v2\/posts"}],"about":[{"href":"https:\/\/zonaroja.com.mx\/index.php?rest_route=\/wp\/v2\/types\/post"}],"author":[{"embeddable":true,"href":"https:\/\/zonaroja.com.mx\/index.php?rest_route=\/wp\/v2\/users\/2"}],"replies":[{"embeddable":true,"href":"https:\/\/zonaroja.com.mx\/index.php?rest_route=%2Fwp%2Fv2%2Fcomments&post=69711"}],"version-history":[{"count":1,"href":"https:\/\/zonaroja.com.mx\/index.php?rest_route=\/wp\/v2\/posts\/69711\/revisions"}],"predecessor-version":[{"id":69712,"href":"https:\/\/zonaroja.com.mx\/index.php?rest_route=\/wp\/v2\/posts\/69711\/revisions\/69712"}],"wp:featuredmedia":[{"embeddable":true,"href":"https:\/\/zonaroja.com.mx\/index.php?rest_route=\/wp\/v2\/media\/69710"}],"wp:attachment":[{"href":"https:\/\/zonaroja.com.mx\/index.php?rest_route=%2Fwp%2Fv2%2Fmedia&parent=69711"}],"wp:term":[{"taxonomy":"category","embeddable":true,"href":"https:\/\/zonaroja.com.mx\/index.php?rest_route=%2Fwp%2Fv2%2Fcategories&post=69711"},{"taxonomy":"post_tag","embeddable":true,"href":"https:\/\/zonaroja.com.mx\/index.php?rest_route=%2Fwp%2Fv2%2Ftags&post=69711"}],"curies":[{"name":"wp","href":"https:\/\/api.w.org\/{rel}","templated":true}]}}