{"id":69724,"date":"2024-06-24T07:34:25","date_gmt":"2024-06-24T13:34:25","guid":{"rendered":"https:\/\/zonaroja.com.mx\/?p=69724"},"modified":"2024-06-24T07:34:27","modified_gmt":"2024-06-24T13:34:27","slug":"matan-a-cinco-personas-en-domingo-entre-ellas-dos-mujeres","status":"publish","type":"post","link":"https:\/\/zonaroja.com.mx\/?p=69724","title":{"rendered":"Matan a cinco personas en domingo, entre ellas dos mujeres"},"content":{"rendered":"\n<p>Raymundo Morales\/Zona Roja.<\/p>\n\n\n\n<p>Oaxaca de Ju\u00e1rez, Oax., a 24 de junio de 2024.- Al menos cinco personas fueron asesinadas, entre ellas dos mujeres, en tres hechos distintos ocurridos este domingo en las regiones Valles Centrales y Costa de Oaxaca.<\/p>\n\n\n\n<p>Anoche, en un bar denominado \u201cCoco Loco\u201d, ubicado en la calle Benito Ju\u00e1rez del municipio de Ejutla de Crespo, fueron ultimadas a balazos dos personas.<\/p>\n\n\n\n<p>De manera preliminar se ha informado que se trata de un hombre y una mujer, hasta ahora no identificados; tampoco se sabe el motivo del doble homicidio.<\/p>\n\n\n\n<p>Tambi\u00e9n anoche pero en la localidad de Paso Lim\u00f3n, del municipio de San Mateo Pi\u00f1as, en la regi\u00f3n Costa, fue acribillado un individuo.<\/p>\n\n\n\n<p>De manera preliminar se inform\u00f3 que se trata de No\u00e9 G. R., quien fue baleado cuando transitaba a bordo de su motocicleta; tambi\u00e9n hubo otra persona lesionada.<\/p>\n\n\n\n<p>Mientras que ayer por la tarde a un costado de la carretera federal Oaxaca-M\u00e9xico, a la altura de la localidad de Santiago Tenango, distrito de Etla, fueron hallados dos cuerpos sin vida.<\/p>\n\n\n\n<p>Presuntamente se trata de un hombre y de una mujer, con identidad a\u00fan desconocida; presentan varios impactos de arma de fuego y se hallaban envueltos en cobijas.<\/p>\n\n\n\n<p>Personal de la Fiscal\u00eda General del Estado de Oaxaca inici\u00f3 las indagatorias correspondientes, con la finalidad de esclarecer los cr\u00edmenes.<\/p>\n","protected":false},"excerpt":{"rendered":"<p>Raymundo Morales\/Zona Roja. Oaxaca de Ju\u00e1rez, Oax., a 24 de junio de 2024.- Al menos&hellip;<\/p>\n","protected":false},"author":2,"featured_media":69725,"comment_status":"closed","ping_status":"open","sticky":false,"template":"","format":"standard","meta":{"_lmt_disableupdate":"","_lmt_disable":"","_jetpack_memberships_contains_paid_content":false,"footnotes":""},"categories":[109,51],"tags":[702,803],"class_list":["post-69724","post","type-post","status-publish","format-standard","has-post-thumbnail","hentry","category-minuto-a-minuto","category-zona-roja","tag-ejutla-de-crespo","tag-santiago-tenango"],"jetpack_featured_media_url":"https:\/\/zonaroja.com.mx\/wp-content\/uploads\/2024\/06\/Dos-asesinados-Santiago-Tenango.jpeg","jetpack_sharing_enabled":true,"_links":{"self":[{"href":"https:\/\/zonaroja.com.mx\/index.php?rest_route=\/wp\/v2\/posts\/69724","targetHints":{"allow":["GET"]}}],"collection":[{"href":"https:\/\/zonaroja.com.mx\/index.php?rest_route=\/wp\/v2\/posts"}],"about":[{"href":"https:\/\/zonaroja.com.mx\/index.php?rest_route=\/wp\/v2\/types\/post"}],"author":[{"embeddable":true,"href":"https:\/\/zonaroja.com.mx\/index.php?rest_route=\/wp\/v2\/users\/2"}],"replies":[{"embeddable":true,"href":"https:\/\/zonaroja.com.mx\/index.php?rest_route=%2Fwp%2Fv2%2Fcomments&post=69724"}],"version-history":[{"count":1,"href":"https:\/\/zonaroja.com.mx\/index.php?rest_route=\/wp\/v2\/posts\/69724\/revisions"}],"predecessor-version":[{"id":69726,"href":"https:\/\/zonaroja.com.mx\/index.php?rest_route=\/wp\/v2\/posts\/69724\/revisions\/69726"}],"wp:featuredmedia":[{"embeddable":true,"href":"https:\/\/zonaroja.com.mx\/index.php?rest_route=\/wp\/v2\/media\/69725"}],"wp:attachment":[{"href":"https:\/\/zonaroja.com.mx\/index.php?rest_route=%2Fwp%2Fv2%2Fmedia&parent=69724"}],"wp:term":[{"taxonomy":"category","embeddable":true,"href":"https:\/\/zonaroja.com.mx\/index.php?rest_route=%2Fwp%2Fv2%2Fcategories&post=69724"},{"taxonomy":"post_tag","embeddable":true,"href":"https:\/\/zonaroja.com.mx\/index.php?rest_route=%2Fwp%2Fv2%2Ftags&post=69724"}],"curies":[{"name":"wp","href":"https:\/\/api.w.org\/{rel}","templated":true}]}}