{"id":6973,"date":"2019-12-26T07:50:49","date_gmt":"2019-12-26T13:50:49","guid":{"rendered":"http:\/\/www.zonaroja.com.mx\/?p=6973"},"modified":"2019-12-25T18:54:31","modified_gmt":"2019-12-26T00:54:31","slug":"regresaran-de-vacaciones-en-escuelas-de-etla-con-mobiliario-nuevo","status":"publish","type":"post","link":"https:\/\/zonaroja.com.mx\/?p=6973","title":{"rendered":"Regresar\u00e1n de vacaciones en escuelas de Etla con mobiliario nuevo"},"content":{"rendered":"\n<p>Redacci\u00f3n\/Zona\nRoja.<\/p>\n\n\n\n<p>Oaxaca de\nJu\u00e1rez, Oax., 25 de diciembre de 2019.- Cuando regresen de las vacaciones\ndecembrinas, al menos mil alumnos y 100 docentes de escuelas del distrito de\nEtla, reiniciar\u00e1n clases con mobiliario y equipo nuevo.<\/p>\n\n\n\n<p>Y es que\ncon la representaci\u00f3n del gobernador Alejandro Murat Hinojosa, el director\ngeneral del Instituto Estatal de Educaci\u00f3n P\u00fablica de Oaxaca (IEEPO), Francisco\n\u00c1ngel Villarreal, entreg\u00f3 apoyos a siete escuelas de localidades de los Valles\nCentrales.<\/p>\n\n\n\n<p>Directivos\ny comit\u00e9s de madres y padres de familia de tres preescolares, tres primarias y\nuna secundaria general de las localidades de Barrio Morelos, Hacienda Blanca,\nSan Pablo Etla y San Sebasti\u00e1n, recibieron los apoyos en los que se invirtieron\naproximadamente 300 mil pesos y con lo cual las y los alumnos desarrollar\u00e1n sus\nactividades cotidianas en mejores condiciones.<\/p>\n\n\n\n<p>En el encuentro, efectuado en la explanada municipal de San Pablo, acompa\u00f1ado del edil Longino Campos Le\u00f3n, el titular del IEEPO destac\u00f3 el compromiso del mandatario estatal de fortalecer el rubro educativo por lo que a nivel estatal se realiza un importante trabajo en materia de equipamiento escolar, as\u00ed como de atenci\u00f3n a las necesidades de las escuelas y del magisterio,&nbsp; logrando a la fecha importantes avances.<\/p>\n\n\n\n<figure class=\"wp-block-embed-twitter wp-block-embed is-type-rich is-provider-twitter\"><div class=\"wp-block-embed__wrapper\">\n<div class=\"twitter-tweet\"><blockquote class=\"twitter-tweet\" data-lang=\"es\"><p lang=\"es\" dir=\"ltr\">Como parte de las acciones para fortalecer los servicios educativos, en nombre del Gobernador <a href=\"https:\/\/twitter.com\/alejandromurat?ref_src=twsrc%5Etfw\">@alejandromurat<\/a>, el Director del IEEPO <a href=\"https:\/\/twitter.com\/VillarrealPaco?ref_src=twsrc%5Etfw\">@VillarrealPaco<\/a> entreg\u00f3 mobiliario y equipo a 7 escuelas de educaci\u00f3n b\u00e1sica de San Pablo Etla, en beneficio de m\u00e1s de mil alumnos. <a href=\"https:\/\/t.co\/N25pniony9\">pic.twitter.com\/N25pniony9<\/a><\/p>&mdash; IEEPO (@IEEPOGobOax) <a href=\"https:\/\/twitter.com\/IEEPOGobOax\/status\/1208062270410043393?ref_src=twsrc%5Etfw\">20 de diciembre de 2019<\/a><\/blockquote><\/div>\n<\/div><\/figure>\n\n\n\n<p>Ante\nestudiantes de las instituciones beneficiadas, padres y madres de familia,\n\u00c1ngel Villarreal indic\u00f3 que tan solo en mobiliario y equipo con una inversi\u00f3n\nde m\u00e1s de 150 millones de pesos, en los dos \u00faltimos ciclos escolares, se ha\nbeneficiado a 289 mil estudiantes, de dos mil 647 escuelas de toda la entidad. <\/p>\n\n\n\n<p>AMPL\u00cdAN\nAPOYOS<\/p>\n\n\n\n<p>En un\nrecuento de los principales logros obtenidos, mencion\u00f3 el incremento de la\ncuota de alimentaci\u00f3n a los Centros de Integraci\u00f3n Social (CIS),&nbsp; la contrataci\u00f3n de docentes y normalistas,\nas\u00ed como la recategorizaci\u00f3n despu\u00e9s de m\u00e1s de una d\u00e9cada, de la primera parte\nde las Claves E2403 y E2405, estos \u00faltimos derivado de las mesas tripartitas en\nlas que participan la Secretar\u00eda de Educaci\u00f3n P\u00fablica, el IEEPO y la dirigencia\nmagisterial. <\/p>\n\n\n\n<p>En su\noportunidad, el presidente municipal de San Pablo Etla, al dar la bienvenida a\nlas autoridades educativas,&nbsp; agradeci\u00f3 al\ngobernador Alejandro Murat Hinojosa y al director general del Instituto el\napoyo otorgado a las escuelas. <\/p>\n\n\n\n<p>Pidi\u00f3 a\nlas y los estudiantes de educaci\u00f3n b\u00e1sica continuar aprovechando al m\u00e1ximo sus\nclases, puesto que representan los deseos de superaci\u00f3n del estado, pero\ntambi\u00e9n del pa\u00eds y el mundo.<\/p>\n\n\n\n<p>AGRADECEN\nRESPALDO<\/p>\n\n\n\n<p>En\nentrevista en el marco de la entrega del mobiliario y equipo, la directora\nencargada del Jard\u00edn de Ni\u00f1os \u201cJos\u00e9 Vasconcelos\u201d, Beatriz Avenda\u00f1o Ju\u00e1rez coment\u00f3\nque lo entregado por parte del IEEPO permitir\u00e1 equipar un aula reci\u00e9n\nconstruida; en tanto que la presidenta del Comit\u00e9 de Padres de Familia del\nJard\u00edn de Ni\u00f1os \u201cGabriela Mistral\u201d, Patricia Calimayo Hern\u00e1ndez se\u00f1al\u00f3 que las\ny los estudiantes tendr\u00e1n acceso a mejores condiciones de estudio.<\/p>\n\n\n\n<p>Asimismo,\nla presidenta del Comit\u00e9 de Padres de Familia del Jard\u00edn de Ni\u00f1os \u201cJos\u00e9\nVasconcelos\u201d, \u00c9rika Antonio Jos\u00e9 expres\u00f3 su agradecimiento a nombre de la\nescuela por este acto que consider\u00f3 noble y de gran beneficio para las y los\nestudiantes de San Pablo Etla.<\/p>\n","protected":false},"excerpt":{"rendered":"<p>Redacci\u00f3n\/Zona Roja. Oaxaca de Ju\u00e1rez, Oax., 25 de diciembre de 2019.- Cuando regresen de las&hellip;<\/p>\n","protected":false},"author":2,"featured_media":6974,"comment_status":"closed","ping_status":"open","sticky":false,"template":"","format":"standard","meta":{"_lmt_disableupdate":"","_lmt_disable":"","_jetpack_memberships_contains_paid_content":false,"footnotes":""},"categories":[109,46],"tags":[652,599],"class_list":["post-6973","post","type-post","status-publish","format-standard","has-post-thumbnail","hentry","category-minuto-a-minuto","category-zona-blanca","tag-francisco-angel-villarreal","tag-instituto-estatal-de-educacion-publica-de-oaxaca"],"jetpack_featured_media_url":"https:\/\/zonaroja.com.mx\/wp-content\/uploads\/2019\/12\/IEEPO-4.jpg","jetpack_sharing_enabled":true,"_links":{"self":[{"href":"https:\/\/zonaroja.com.mx\/index.php?rest_route=\/wp\/v2\/posts\/6973","targetHints":{"allow":["GET"]}}],"collection":[{"href":"https:\/\/zonaroja.com.mx\/index.php?rest_route=\/wp\/v2\/posts"}],"about":[{"href":"https:\/\/zonaroja.com.mx\/index.php?rest_route=\/wp\/v2\/types\/post"}],"author":[{"embeddable":true,"href":"https:\/\/zonaroja.com.mx\/index.php?rest_route=\/wp\/v2\/users\/2"}],"replies":[{"embeddable":true,"href":"https:\/\/zonaroja.com.mx\/index.php?rest_route=%2Fwp%2Fv2%2Fcomments&post=6973"}],"version-history":[{"count":2,"href":"https:\/\/zonaroja.com.mx\/index.php?rest_route=\/wp\/v2\/posts\/6973\/revisions"}],"predecessor-version":[{"id":6976,"href":"https:\/\/zonaroja.com.mx\/index.php?rest_route=\/wp\/v2\/posts\/6973\/revisions\/6976"}],"wp:featuredmedia":[{"embeddable":true,"href":"https:\/\/zonaroja.com.mx\/index.php?rest_route=\/wp\/v2\/media\/6974"}],"wp:attachment":[{"href":"https:\/\/zonaroja.com.mx\/index.php?rest_route=%2Fwp%2Fv2%2Fmedia&parent=6973"}],"wp:term":[{"taxonomy":"category","embeddable":true,"href":"https:\/\/zonaroja.com.mx\/index.php?rest_route=%2Fwp%2Fv2%2Fcategories&post=6973"},{"taxonomy":"post_tag","embeddable":true,"href":"https:\/\/zonaroja.com.mx\/index.php?rest_route=%2Fwp%2Fv2%2Ftags&post=6973"}],"curies":[{"name":"wp","href":"https:\/\/api.w.org\/{rel}","templated":true}]}}