{"id":69730,"date":"2024-06-24T08:47:00","date_gmt":"2024-06-24T14:47:00","guid":{"rendered":"https:\/\/zonaroja.com.mx\/?p=69730"},"modified":"2024-06-24T07:48:25","modified_gmt":"2024-06-24T13:48:25","slug":"opinion-dengue-cientos-de-enfermos-varios-muertos-e-ineficiencia","status":"publish","type":"post","link":"https:\/\/zonaroja.com.mx\/?p=69730","title":{"rendered":"Opini\u00f3n. Dengue: cientos de enfermos, varios muertos\u2026 e ineficiencia"},"content":{"rendered":"\n<p>Ismael Garc\u00eda M.\/Zona Roja.<\/p>\n\n\n\n<p>Oaxaca, Oax., a 24 de junio de 2024.- No bien empez\u00f3 la temporada de lluvias y ya la enfermedad del dengue ha causado estragos en la salud p\u00fablica, ante la ineficiencia de los Servicios de Salud de Oaxaca (SSO).<\/p>\n\n\n\n<p>Si bien los datos oficiales reportan poco m\u00e1s de 550 casos en lo que va del a\u00f1o, y ninguna defunci\u00f3n, la realidad supera por mucho a las instituciones p\u00fablicas, que saben a la perfecci\u00f3n que el estado enfrenta desde hace 15 d\u00edas una grave crisis de dimensiones semejantes al Covid-19.<\/p>\n\n\n\n<p>Tanto que ya se prev\u00e9 \u2014por ejemplo\u2014 la ampliaci\u00f3n de \u00e1reas o conversi\u00f3n de otras en el Hospital General \u201cDr. Aurelio Valdivieso\u201d, mientras que la autoridad educativa eval\u00faa si decreta una suspensi\u00f3n de clases temporal en escuelas donde hay mayor presencia del mosquito transmisor.<\/p>\n\n\n\n<p>Los nosocomios est\u00e1n saturados, incluyendo del IMSS y del ISSSTE y no se dan a basto en la atenci\u00f3n; incluso se comienza a utilizar a m\u00e9dicos especialistas para atender a los enfermos. &nbsp;<\/p>\n\n\n\n<p>Pero para la titular de los Servicios de Salud, Alma Lilia Velasco, la situaci\u00f3n no es compleja, est\u00e1 bajo control y que no hay preocupaci\u00f3n; tanto que el pasado lunes no acudi\u00f3 a la conferencia semanal del gobernador Salom\u00f3n Jara Cruz para dar detalles al respecto, lo que tuvo que hacer un subalterno.<\/p>\n\n\n\n<p>CIFRAS OFICIALES<\/p>\n\n\n\n<p>Apenas el pasado lunes, el funcionario de Salud, Ignacio Z\u00e1rate Blas, acudi\u00f3 a la conferencia matutina del mandatario estatal para presentar un balance acerca del dengue, con cifras alarmantes:<\/p>\n\n\n\n<p>En este a\u00f1o registra un 300% m\u00e1s de casos, en comparaci\u00f3n con el mismo lapso del a\u00f1o 2023.<\/p>\n\n\n\n<p>Hasta el lunes pasado hab\u00eda 396 casos acumulados y se contabilizan 32 personas hospitalizadas; el 16% catalogado como dengue grave.&nbsp;<\/p>\n\n\n\n<p>Existen en Oaxaca 25 municipios en riesgo por esta enfermedad, de los cuales 19 se ubican en la regi\u00f3n Valles Centrales, entre ellos la capital.<\/p>\n\n\n\n<p>El 19 de junio fueron actualizadas las cifras y se revel\u00f3 que en una semana se registraron, oficialmente, 167 casos nuevos, para sumar un acumulado de 563 casos de personas enfermas.<\/p>\n\n\n\n<p>De acuerdo con su clasificaci\u00f3n, 191 corresponden a Dengue No Grave (DNG); 337 a Dengue Con Signos de Alarma (DCSA) y 35 a Dengue Grave (DG).<\/p>\n\n\n\n<p>En la jurisdicci\u00f3n Valles Centrales de los SSO es donde se ha registrado la mayor\u00eda de los casos, con 440, seguido de Costa con 84 e Istmo con 14, Tuxtepec con 13.<\/p>\n\n\n\n<p>Los municipios con mayor n\u00famero de casos confirmados son Oaxaca de Ju\u00e1rez con 67; Santa Cruz Xoxocotl\u00e1n con 26; San Antonio de la Cal nueve casos; Santa Mar\u00eda Atzompa y Villa de Zaachila con ocho reportes cada uno.<\/p>\n\n\n\n<p>As\u00ed tambi\u00e9n, en las \u00faltimas 24 horas se tiene notificado un 55 por ciento de ocupaci\u00f3n hospitalaria, con 49 pacientes, de los cuales 14 presentan Dengue Grave.<\/p>\n\n\n\n<p>EL ANUNCIO<\/p>\n\n\n\n<p>Apenas el pasado lunes tambi\u00e9n, el gobernador Salom\u00f3n Jara anunci\u00f3 recursos por 67 millones 162 mil pesos para el programa de vectores, mediante el cual se realiza el combate al mosquito del dengue.&nbsp;<\/p>\n\n\n\n<p>El mandatario estatal present\u00f3 el Plan Emergente de Lucha Contra el Dengue, que pretende fortalecer las capacidades t\u00e9cnicas y operativas.<\/p>\n\n\n\n<p>Aprovech\u00f3 para convocar a la sociedad a atender las recomendaciones de los Servicios de Salud, \u201ctoda vez que la participaci\u00f3n de la ciudadan\u00eda es vital para eliminar los criaderos del mosco transmisor del dengue\u201d.<\/p>\n\n\n\n<p>Ese mismo d\u00eda y en ese contexto, se entregaron unidades de motor para combatir el dengue y, por cierto, tampoco estuvo la secretaria Alma Lilia Velasco.<\/p>\n\n\n\n<p>A ra\u00edz de ello, se ha lanzado una campa\u00f1a publicitaria para exhortar a la poblaci\u00f3n a tomar las medidas necesarias, con la finalidad de evitar la propagaci\u00f3n de la enfermedad\u2026 pero hacemos poco caso y las consecuencias son fatales.<\/p>\n\n\n\n<p>LA REALIDAD<\/p>\n\n\n\n<p>El pasado mi\u00e9rcoles, y derivado tambi\u00e9n de un conflicto interno, un grupo de personas de la colonia Volcanes, ciudad de Oaxaca, protest\u00f3 en los Servicios de Salud, para exigir que los trabajos de fumigaci\u00f3n fueran integrales y no por zonas particulares.<\/p>\n\n\n\n<p>Hasta ahora es la \u00fanica manifestaci\u00f3n que se ha registrado, pero es muy probable que en los siguientes d\u00edas haya m\u00e1s inconformidades, incluyendo de trabajadores del \u00e1rea de vectores, estos \u00faltimos ante el insuficiente material de trabajo.<\/p>\n\n\n\n<p>Pero, como suced\u00eda con el Covid-19, \u00bfqui\u00e9n no tiene un familiar enfermo a causa del dengue? Los tiene el que esto escribe y, por fortuna, no han sido casos graves, pero que s\u00ed han requerido descanso obligatorio en casa, adem\u00e1s, por supuesto, de la medicaci\u00f3n correspondiente.<\/p>\n\n\n\n<p>Efectivamente, en casa se han tenido que atender la mayor\u00eda de los casos, lo que, evidentemente, no cuenta en las cifras oficiales. \u00bfQui\u00e9n no ha visto largas filas en laboratorios de la capital para descartar o confirmar el padecimiento del dengue.<\/p>\n\n\n\n<p>La semana pasada, los diarios \u201cEl Imparcial\u201d y \u201cNoticias\u201d, dieron a conocer informaci\u00f3n oficial de la Secretar\u00eda de Salud federal, en que reconoce que Oaxaca tiene 22 probables muertes a causa del dengue, 11 de ellos registrados en una semana.<\/p>\n\n\n\n<p>A nivel nacional, este a\u00f1o se han notificado 375 defunciones por probable dengue, de las cuales \u00fanicamente 26 est\u00e1n confirmadas en ocho entidades del pa\u00eds.<\/p>\n\n\n\n<p>De las muertes en estudio, por probable dengue, en Guerrero se tienen 56 registros, 34 en Veracruz y 22 en Oaxaca.<\/p>\n\n\n\n<p>Los Servicios de Salud llevan varias crisis, la m\u00e1s reciente, adem\u00e1s del dengue, la inundaci\u00f3n en el Hospital de la Ni\u00f1ez Oaxaque\u00f1a.<\/p>\n\n\n\n<p>El Hospital General \u201cDr. Aurelio Valdivieso\u201d tambi\u00e9n enfrenta una serie de deficiencias y hace no m\u00e1s de un mes los trabajadores marcharon para exigir respuestas a diversas problem\u00e1ticas, incluyendo la de los elevadores inservibles.<\/p>\n\n\n\n<p>En Tuxtepec y en Pinotepa ha habido tambi\u00e9n manifestaciones y hasta ahora, por supuesto, no hay respuesta eficaz.<\/p>\n\n\n\n<p>Se ha publicitado hasta la saciedad que la panacea a la crisis nacional y estatal en materia de salud es la transferencia al IMSS Bienestar. Pero no.<\/p>\n\n\n\n<p>En el caso del dengue, hay que recordar que a mediados del a\u00f1o pasado, se denunci\u00f3 que los Servicios de Salud utilizaron material qu\u00edmico caduco, lo que evidentemente hizo perder efectividad en el combate al mosquito.<\/p>\n\n\n\n<p>La gesti\u00f3n de Alma Lilia Velasco inici\u00f3 con la muerte de menores en San Lorenzo Texmelucan, en la Sierra Sur, por mordedura de murci\u00e9lagos, que deriv\u00f3 incluso en una recomendaci\u00f3n de la CNDH.<\/p>\n\n\n\n<p>Es larga la lista de yerros y lo peor, con saldo criminal Quiz\u00e1 es hora de que el titular del Poder Ejecutivo de Oaxaca tome una decisi\u00f3n determinante para dar un viraje a la atenci\u00f3n en materia de salud, con el reemplazo de la titular que, est\u00e1 m\u00e1s que visto, ha demostrado en los hechos que no puede con el cargo.<\/p>\n","protected":false},"excerpt":{"rendered":"<p>Ismael Garc\u00eda M.\/Zona Roja. Oaxaca, Oax., a 24 de junio de 2024.- No bien empez\u00f3&hellip;<\/p>\n","protected":false},"author":2,"featured_media":67764,"comment_status":"closed","ping_status":"open","sticky":false,"template":"","format":"standard","meta":{"_lmt_disableupdate":"","_lmt_disable":"","_jetpack_memberships_contains_paid_content":false,"footnotes":""},"categories":[456,109,48],"tags":[1353],"class_list":["post-69730","post","type-post","status-publish","format-standard","has-post-thumbnail","hentry","category-columna","category-minuto-a-minuto","category-zona-critica","tag-opinion-zona-critica"],"jetpack_featured_media_url":"https:\/\/zonaroja.com.mx\/wp-content\/uploads\/2024\/04\/Opinion-Zona-Roja-Ismael-Garcia.jpg","jetpack_sharing_enabled":true,"_links":{"self":[{"href":"https:\/\/zonaroja.com.mx\/index.php?rest_route=\/wp\/v2\/posts\/69730","targetHints":{"allow":["GET"]}}],"collection":[{"href":"https:\/\/zonaroja.com.mx\/index.php?rest_route=\/wp\/v2\/posts"}],"about":[{"href":"https:\/\/zonaroja.com.mx\/index.php?rest_route=\/wp\/v2\/types\/post"}],"author":[{"embeddable":true,"href":"https:\/\/zonaroja.com.mx\/index.php?rest_route=\/wp\/v2\/users\/2"}],"replies":[{"embeddable":true,"href":"https:\/\/zonaroja.com.mx\/index.php?rest_route=%2Fwp%2Fv2%2Fcomments&post=69730"}],"version-history":[{"count":1,"href":"https:\/\/zonaroja.com.mx\/index.php?rest_route=\/wp\/v2\/posts\/69730\/revisions"}],"predecessor-version":[{"id":69731,"href":"https:\/\/zonaroja.com.mx\/index.php?rest_route=\/wp\/v2\/posts\/69730\/revisions\/69731"}],"wp:featuredmedia":[{"embeddable":true,"href":"https:\/\/zonaroja.com.mx\/index.php?rest_route=\/wp\/v2\/media\/67764"}],"wp:attachment":[{"href":"https:\/\/zonaroja.com.mx\/index.php?rest_route=%2Fwp%2Fv2%2Fmedia&parent=69730"}],"wp:term":[{"taxonomy":"category","embeddable":true,"href":"https:\/\/zonaroja.com.mx\/index.php?rest_route=%2Fwp%2Fv2%2Fcategories&post=69730"},{"taxonomy":"post_tag","embeddable":true,"href":"https:\/\/zonaroja.com.mx\/index.php?rest_route=%2Fwp%2Fv2%2Ftags&post=69730"}],"curies":[{"name":"wp","href":"https:\/\/api.w.org\/{rel}","templated":true}]}}