{"id":69732,"date":"2024-06-24T11:30:00","date_gmt":"2024-06-24T17:30:00","guid":{"rendered":"https:\/\/zonaroja.com.mx\/?p=69732"},"modified":"2024-06-24T08:23:13","modified_gmt":"2024-06-24T14:23:13","slug":"se-atribuye-seccion-22-logro-de-vales-para-uniforme-y-difunde-calendario-de-entrega","status":"publish","type":"post","link":"https:\/\/zonaroja.com.mx\/?p=69732","title":{"rendered":"Se atribuye Secci\u00f3n 22 logro de vales para uniforme y difunde calendario de entrega"},"content":{"rendered":"\n<p>Ismael Garc\u00eda M.\/Zona Roja.<\/p>\n\n\n\n<p>Oaxaca de Ju\u00e1rez, Oax., a 24 de junio de 2024.- La Secci\u00f3n 22 del Sindicato Nacional de Trabajadores de la Educaci\u00f3n madrug\u00f3 al Instituto Estatal de Educaci\u00f3n P\u00fablica de Oaxaca, al adelantar el calendario de entrega de vales para uniformes escolares, que inici\u00f3 el pasado viernes.<\/p>\n\n\n\n<p>Es un beneficio educativo que el magisterio presume como propio, resultado de un paro de labores de 25 d\u00edas durante mayo y junio; es por un monto de 405 pesos por alumno y por ahora comenz\u00f3 la etapa de entrega de vales en la regi\u00f3n Valles Centrales.<\/p>\n\n\n\n<p>\u201cPara las regiones faltantes se estar\u00e1 emitiendo la calendarizaci\u00f3n correspondiente v\u00eda estructura\u201d, difundi\u00f3 la Secci\u00f3n 22 en un documento firmado por la secretar\u00eda General, Yenny Aracely P\u00e9rez Mart\u00ednez, y el secretario T\u00e9cnico, Eutiquio Ruiz Reyes.<\/p>\n\n\n\n<p>La entrega de vales arranc\u00f3 el pasado viernes en la pagadur\u00eda del IEEPO ubicada en la agencia de San Felipe del Agua, as\u00ed como en las instalaciones de la Escuela Normal Superior Federal de Oaxaca, en Santa Cruz Xoxocotl\u00e1n.<\/p>\n\n\n\n<p>Este lunes contin\u00faa en la pagadur\u00eda de San Felipe y adem\u00e1s en la Villa de Etla, Tlacolula de Matamoros y Ocotl\u00e1n de Morelos.<\/p>\n\n\n\n<p>El calendario difundido por la Secci\u00f3n 22 marca el d\u00eda 6 de junio como el \u00faltimo para la entrega de los respectivos vales.<\/p>\n\n\n\n<p>Posterior a ello, el IEEPO, que preside Emilio Montero P\u00e9rez, emiti\u00f3 su propio comunicado en que establece las mismas fechas con las mismas sedes difundidas por el magisterio estatal.<\/p>\n\n\n\n<p>Este apoyo ha estado contemplado en el presupuesto estatal desde hace por lo menos tres sexenios, aunque en el actual, que encabeza Salom\u00f3n Jara Cruz, ha habido una serie de conflictos por la entrega e incluso la confecci\u00f3n de los uniformes.<\/p>\n\n\n\n<p>Entre la pol\u00e9mica se encuentra el anunci\u00f3 que hizo Emilio Montero respecto de que las prendas las elaboraci\u00f3n el Ej\u00e9rcito Mexicano, as\u00ed como la queja de los proveedores por la cancelaci\u00f3n del programa.<\/p>\n","protected":false},"excerpt":{"rendered":"<p>Ismael Garc\u00eda M.\/Zona Roja. Oaxaca de Ju\u00e1rez, Oax., a 24 de junio de 2024.- La&hellip;<\/p>\n","protected":false},"author":2,"featured_media":69733,"comment_status":"closed","ping_status":"open","sticky":false,"template":"","format":"standard","meta":{"_lmt_disableupdate":"","_lmt_disable":"","_jetpack_memberships_contains_paid_content":false,"footnotes":""},"categories":[109,47],"tags":[312],"class_list":["post-69732","post","type-post","status-publish","format-standard","has-post-thumbnail","hentry","category-minuto-a-minuto","category-zona-gris","tag-seccion-22-del-snte"],"jetpack_featured_media_url":"https:\/\/zonaroja.com.mx\/wp-content\/uploads\/2024\/06\/Calendario-distribucion-vales-uniformes.jpg","jetpack_sharing_enabled":true,"_links":{"self":[{"href":"https:\/\/zonaroja.com.mx\/index.php?rest_route=\/wp\/v2\/posts\/69732","targetHints":{"allow":["GET"]}}],"collection":[{"href":"https:\/\/zonaroja.com.mx\/index.php?rest_route=\/wp\/v2\/posts"}],"about":[{"href":"https:\/\/zonaroja.com.mx\/index.php?rest_route=\/wp\/v2\/types\/post"}],"author":[{"embeddable":true,"href":"https:\/\/zonaroja.com.mx\/index.php?rest_route=\/wp\/v2\/users\/2"}],"replies":[{"embeddable":true,"href":"https:\/\/zonaroja.com.mx\/index.php?rest_route=%2Fwp%2Fv2%2Fcomments&post=69732"}],"version-history":[{"count":1,"href":"https:\/\/zonaroja.com.mx\/index.php?rest_route=\/wp\/v2\/posts\/69732\/revisions"}],"predecessor-version":[{"id":69734,"href":"https:\/\/zonaroja.com.mx\/index.php?rest_route=\/wp\/v2\/posts\/69732\/revisions\/69734"}],"wp:featuredmedia":[{"embeddable":true,"href":"https:\/\/zonaroja.com.mx\/index.php?rest_route=\/wp\/v2\/media\/69733"}],"wp:attachment":[{"href":"https:\/\/zonaroja.com.mx\/index.php?rest_route=%2Fwp%2Fv2%2Fmedia&parent=69732"}],"wp:term":[{"taxonomy":"category","embeddable":true,"href":"https:\/\/zonaroja.com.mx\/index.php?rest_route=%2Fwp%2Fv2%2Fcategories&post=69732"},{"taxonomy":"post_tag","embeddable":true,"href":"https:\/\/zonaroja.com.mx\/index.php?rest_route=%2Fwp%2Fv2%2Ftags&post=69732"}],"curies":[{"name":"wp","href":"https:\/\/api.w.org\/{rel}","templated":true}]}}