{"id":69737,"date":"2024-06-24T14:07:59","date_gmt":"2024-06-24T20:07:59","guid":{"rendered":"https:\/\/zonaroja.com.mx\/?p=69737"},"modified":"2024-06-24T14:07:59","modified_gmt":"2024-06-24T20:07:59","slug":"en-lugar-de-hacer-justicia-gobierno-de-veracruz-desaparece-a-fuerza-civil-tras-desalojo-violento","status":"publish","type":"post","link":"https:\/\/zonaroja.com.mx\/?p=69737","title":{"rendered":"En lugar de hacer justicia, gobierno de Veracruz desaparece a Fuerza Civil tras desalojo violento"},"content":{"rendered":"\n<p>Redacci\u00f3n\/Zona Roja Cdmx.<\/p>\n\n\n\n<p>Ciudad de M\u00e9xico, a 24 de junio de 2024.- A casi diez a\u00f1os de su nacimiento como un cuerpo policiaco de \u00e9lite, el gobierno de Veracruz anunci\u00f3 la disoluci\u00f3n de la Fuerza Civil debido al violento operativo que deriv\u00f3 en la muerte de dos j\u00f3venes que se manifestaban en la localidad de Totalco, en el municipio de Perote.<\/p>\n\n\n\n<p>El 21 de octubre de 2014 se realiz\u00f3 un evento en la Macroplaza del puerto de Veracruz. Tal d\u00eda, la Fuerza Civil fue presentada como el nuevo grupo t\u00e1ctico y de inteligencia de la Secretar\u00eda de Seguridad P\u00fablica (SSP) del gobierno entonces encabezado por Javier Duarte de Ochoa.<\/p>\n\n\n\n<p>Durante aquella ceremonia, el entonces secretario de Marina, Vidal Francisco Sober\u00f3n Sanz, exhort\u00f3 a la corporaci\u00f3n a respetar los derechos humanos y la transparencia; casi una d\u00e9cada despu\u00e9s, la participaci\u00f3n de esta agrupaci\u00f3n en un fatal acto de represi\u00f3n fue lo que provoc\u00f3 su desaparici\u00f3n.<\/p>\n\n\n\n<p>El 20 de junio de 2024, un grupo de manifestantes de Perote y municipios aleda\u00f1os de Puebla se manifestaron a las afueras de las instalaciones de la f\u00e1brica de alimentos Granjas Carroll. Los inconformes mantuvieron un bloqueo carretero para denunciar que la empresa acapara el agua de la Cuenca Libres Oriental, lo que ocasiona un desabasto en las comunidades.<\/p>\n\n\n\n<p>Adicionalmente, acusaron que la compa\u00f1\u00eda ser\u00eda responsable de causar da\u00f1os al medio ambiente.<br>Como parte del operativo para retirar la manifestaci\u00f3n, agentes de la Fuerza Civil utilizaron gas lacrim\u00f3geno y dispararon varias veces al aire. <\/p>\n\n\n\n<p>Aunado a ello, tambi\u00e9n descargaron sus armas contra un tractor en el que se encontraban los hermanos Jorge y Alberto Cortina V\u00e1zquez, de 37 y 29 a\u00f1os. <\/p>\n\n\n\n<p>Ambos fueron obligados a bajar del veh\u00edculo y fue en ese momento que los pobladores se percataron de que estaban ensangrentados. Las lesiones resultaron mortales.<\/p>\n\n\n\n<p>Y aunque no se ha informado la captura de ninguno de los agentes involucrados en la agresi\u00f3n, la Secretar\u00eda de Gobierno del estado anunci\u00f3 la extinci\u00f3n de la Fuerza Civil, por lo que ahora existir\u00e1 un mando \u00fanico operativo en una sola Direcci\u00f3n, adscrita a la Subsecretar\u00eda de Operaciones de la SSP. <\/p>\n\n\n\n<p>\u201cLos derechos policiales de los elementos, as\u00ed como los laborales del personal administrativo, se preservar\u00e1n\u201d, estableci\u00f3 la instituci\u00f3n.<\/p>\n\n\n\n<p>Respecto a las denuncias en contra de Granjas Carroll, la Segob de Veracruz inform\u00f3 que en marzo de 2023, por medio de la Procuradur\u00eda del Medio Ambiente, se dict\u00f3 una resoluci\u00f3n administrativa en contra de la empresa por incumplimientos en materia ambiental.<\/p>\n","protected":false},"excerpt":{"rendered":"<p>Redacci\u00f3n\/Zona Roja Cdmx. Ciudad de M\u00e9xico, a 24 de junio de 2024.- A casi diez&hellip;<\/p>\n","protected":false},"author":2,"featured_media":69736,"comment_status":"closed","ping_status":"open","sticky":false,"template":"","format":"standard","meta":{"_lmt_disableupdate":"","_lmt_disable":"","_jetpack_memberships_contains_paid_content":false,"footnotes":""},"categories":[109,47],"tags":[],"class_list":["post-69737","post","type-post","status-publish","format-standard","has-post-thumbnail","hentry","category-minuto-a-minuto","category-zona-gris"],"jetpack_featured_media_url":"https:\/\/zonaroja.com.mx\/wp-content\/uploads\/2024\/06\/img_6577-1.jpg","jetpack_sharing_enabled":true,"_links":{"self":[{"href":"https:\/\/zonaroja.com.mx\/index.php?rest_route=\/wp\/v2\/posts\/69737","targetHints":{"allow":["GET"]}}],"collection":[{"href":"https:\/\/zonaroja.com.mx\/index.php?rest_route=\/wp\/v2\/posts"}],"about":[{"href":"https:\/\/zonaroja.com.mx\/index.php?rest_route=\/wp\/v2\/types\/post"}],"author":[{"embeddable":true,"href":"https:\/\/zonaroja.com.mx\/index.php?rest_route=\/wp\/v2\/users\/2"}],"replies":[{"embeddable":true,"href":"https:\/\/zonaroja.com.mx\/index.php?rest_route=%2Fwp%2Fv2%2Fcomments&post=69737"}],"version-history":[{"count":1,"href":"https:\/\/zonaroja.com.mx\/index.php?rest_route=\/wp\/v2\/posts\/69737\/revisions"}],"predecessor-version":[{"id":69738,"href":"https:\/\/zonaroja.com.mx\/index.php?rest_route=\/wp\/v2\/posts\/69737\/revisions\/69738"}],"wp:featuredmedia":[{"embeddable":true,"href":"https:\/\/zonaroja.com.mx\/index.php?rest_route=\/wp\/v2\/media\/69736"}],"wp:attachment":[{"href":"https:\/\/zonaroja.com.mx\/index.php?rest_route=%2Fwp%2Fv2%2Fmedia&parent=69737"}],"wp:term":[{"taxonomy":"category","embeddable":true,"href":"https:\/\/zonaroja.com.mx\/index.php?rest_route=%2Fwp%2Fv2%2Fcategories&post=69737"},{"taxonomy":"post_tag","embeddable":true,"href":"https:\/\/zonaroja.com.mx\/index.php?rest_route=%2Fwp%2Fv2%2Ftags&post=69737"}],"curies":[{"name":"wp","href":"https:\/\/api.w.org\/{rel}","templated":true}]}}