{"id":69747,"date":"2024-06-24T20:00:11","date_gmt":"2024-06-25T02:00:11","guid":{"rendered":"https:\/\/zonaroja.com.mx\/?p=69747"},"modified":"2024-06-24T20:00:13","modified_gmt":"2024-06-25T02:00:13","slug":"llega-fiscalia-en-tu-comunidad-a-santa-lucia-del-camino","status":"publish","type":"post","link":"https:\/\/zonaroja.com.mx\/?p=69747","title":{"rendered":"Llega \u201cFiscal\u00eda en tu comunidad\u201d a Santa Luc\u00eda del Camino"},"content":{"rendered":"\n<p>Raymundo Morales\/Zona Roja.<\/p>\n\n\n\n<p>Oaxaca de Ju\u00e1rez, Oax., a 24 de junio de 2024.- En aras de fortalecer la seguridad y la denuncia ciudadana, al municipio de Santa Luc\u00eda del Camino lleg\u00f3 este lunes el programa \u201cFiscal\u00eda en tu comunidad\u201d.<\/p>\n\n\n\n<p>Durante el encuentro efectuado en la explanada municipal, el titular de la Fiscal\u00eda General del Estado, Bernardo Rodr\u00edguez Alamilla, y el edil Juan Carlos Garc\u00eda M\u00e1rquez, refrendaron los lazos de colaboraci\u00f3n, lo que ha permitido resultados positivos a favor de la poblaci\u00f3n.<\/p>\n\n\n\n<p>En su mensaje de bienvenida, el presidente municipal recalc\u00f3 que desde su llegada, la seguridad de los ciudadanos ha sido una de las prioridades, por lo cual no s\u00f3lo se han entregado equipamientos y capacitaci\u00f3n a los polic\u00edas, sino que adem\u00e1s se les ha beneficiado con incrementos salariales.<\/p>\n\n\n\n<p>De la misma manera, se han instalado c\u00e1maras de seguridad en los principales accesos; se ha incrementado la capacidad institucional para los patrullajes y se han instalado unidades m\u00f3viles en zona de riesgo para las personas.<\/p>\n\n\n\n<p>Puso como ejemplo los delitos que preocupan a la sociedad, como el caso de la violencia familiar y las extorsiones, a trav\u00e9s del esquema denominado \u201cGota a gota\u201d, en que participan no solamente extranjeros, sino tambi\u00e9n ciudadanos mexicanos.<\/p>\n\n\n\n<p>\u201cNo vamos a bajar la guardia en este delito, vamos a actuar de manera contundente contra estas personas que cometen y abusan de la necesidad de las y los ciudadanos, a trav\u00e9s de la labor conjunta con la Fiscal\u00eda; siempre vamos a trabajar de manera coordinada, se\u00f1or fiscal\u201d, dijo.<\/p>\n\n\n\n<p>Por su parte, el titular de la Fiscal\u00eda General habl\u00f3 del programa \u201cFiscal\u00eda en tu comunidad\u201d, mediante el cual se ha permitido un acercamiento con los municipios, para fortalecer la capacitaci\u00f3n y las acciones a favor de la procuraci\u00f3n de justicia.<\/p>\n\n\n\n<p>Felicit\u00f3 al edil Garc\u00eda M\u00e1rquez por obtener el respaldo de la poblaci\u00f3n para continuar un segundo periodo al frente del ayuntamiento de Santa Luc\u00eda del Camino.<\/p>\n\n\n\n<p>\u201cEs uno de los municipios, lo he dicho p\u00fablicamente, con el que mejor hemos trabajado en materia de seguridad; siempre ha habido una disposici\u00f3n para poder trabajar\u201d, manifest\u00f3 Rodr\u00edguez Alamilla.<\/p>\n\n\n\n<p>Habl\u00f3 tambi\u00e9n de las acciones emprendidas desde la Fiscal\u00eda para llevar las acciones hacia las comunidades.<\/p>\n\n\n\n<p>\u201cLa principal inquietud de las y los ciudadanos es la inseguridad; en funci\u00f3n de eso, con el Gobierno del Estado y los municipios nos hemos dado a la tarea de generar condiciones para que todos podamos contar con espacios seguros.<\/p>\n\n\n\n<p>\u201cEs una estrategia que se ha generado desde el a\u00f1o pasado, que nos ha permitido tener algunos resultados. El a\u00f1o pasado, logramos disminuir casi un 2.55 por ciento la incidencia delictiva\u201d, destac\u00f3 el fiscal.<\/p>\n\n\n\n<p>\u201cNo estamos contentos nada m\u00e1s con eso; es importante ir avanzando m\u00e1s y el a\u00f1o 2022 Oaxaca se encontraba en el lugar n\u00famero 12 en materia de seguridad y ahora nos encontramos en el lugar n\u00famero cinco.<\/p>\n\n\n\n<p>\u201cJustamente eso, solamente se puede trabajar con municipios comprometidos; Santa Luc\u00eda del Camino ha sido ejemplo de ese compromiso\u201d, remarc\u00f3.<\/p>\n\n\n\n<figure class=\"wp-block-embed is-type-rich is-provider-twitter wp-block-embed-twitter\"><div class=\"wp-block-embed__wrapper\">\n<div class=\"twitter-tweet\"><blockquote class=\"twitter-tweet\" data-lang=\"es\"><p lang=\"es\" dir=\"ltr\">2. En su intervenci\u00f3n, el responsable de la <a href=\"https:\/\/twitter.com\/FISCALIA_GobOax?ref_src=twsrc%5Etfw\">@FISCALIA_GobOax<\/a>, <a href=\"https:\/\/twitter.com\/FiscalOaxaca?ref_src=twsrc%5Etfw\">@FiscalOaxaca<\/a>, destac\u00f3 el programa mediante el cual se acercan los servicios a los municipios, con la finalidad de contribuir a la prevenci\u00f3n del delito. <br><br>Reconoci\u00f3 asimismo los esfuerzos del edil de Santa Luc\u00eda del\u2026 <a href=\"https:\/\/t.co\/8N7rsgNDBs\">pic.twitter.com\/8N7rsgNDBs<\/a><\/p>&mdash; Zona Roja Oaxaca (@ZonaRoja_Oaxaca) <a href=\"https:\/\/twitter.com\/ZonaRoja_Oaxaca\/status\/1805273552322547947?ref_src=twsrc%5Etfw\">24 de junio de 2024<\/a><\/blockquote><\/div>\n<\/div><\/figure>\n","protected":false},"excerpt":{"rendered":"<p>Raymundo Morales\/Zona Roja. Oaxaca de Ju\u00e1rez, Oax., a 24 de junio de 2024.- En aras&hellip;<\/p>\n","protected":false},"author":2,"featured_media":69748,"comment_status":"closed","ping_status":"open","sticky":false,"template":"","format":"standard","meta":{"_lmt_disableupdate":"","_lmt_disable":"","_jetpack_memberships_contains_paid_content":false,"footnotes":""},"categories":[109,46],"tags":[2533,337],"class_list":["post-69747","post","type-post","status-publish","format-standard","has-post-thumbnail","hentry","category-minuto-a-minuto","category-zona-blanca","tag-juan-carlos-garcia-marquez","tag-santa-lucia-del-camino"],"jetpack_featured_media_url":"https:\/\/zonaroja.com.mx\/wp-content\/uploads\/2024\/06\/Fiscalia-en-tu-comunidad-Santa-Lucia-del-Camino.jpeg","jetpack_sharing_enabled":true,"_links":{"self":[{"href":"https:\/\/zonaroja.com.mx\/index.php?rest_route=\/wp\/v2\/posts\/69747","targetHints":{"allow":["GET"]}}],"collection":[{"href":"https:\/\/zonaroja.com.mx\/index.php?rest_route=\/wp\/v2\/posts"}],"about":[{"href":"https:\/\/zonaroja.com.mx\/index.php?rest_route=\/wp\/v2\/types\/post"}],"author":[{"embeddable":true,"href":"https:\/\/zonaroja.com.mx\/index.php?rest_route=\/wp\/v2\/users\/2"}],"replies":[{"embeddable":true,"href":"https:\/\/zonaroja.com.mx\/index.php?rest_route=%2Fwp%2Fv2%2Fcomments&post=69747"}],"version-history":[{"count":1,"href":"https:\/\/zonaroja.com.mx\/index.php?rest_route=\/wp\/v2\/posts\/69747\/revisions"}],"predecessor-version":[{"id":69749,"href":"https:\/\/zonaroja.com.mx\/index.php?rest_route=\/wp\/v2\/posts\/69747\/revisions\/69749"}],"wp:featuredmedia":[{"embeddable":true,"href":"https:\/\/zonaroja.com.mx\/index.php?rest_route=\/wp\/v2\/media\/69748"}],"wp:attachment":[{"href":"https:\/\/zonaroja.com.mx\/index.php?rest_route=%2Fwp%2Fv2%2Fmedia&parent=69747"}],"wp:term":[{"taxonomy":"category","embeddable":true,"href":"https:\/\/zonaroja.com.mx\/index.php?rest_route=%2Fwp%2Fv2%2Fcategories&post=69747"},{"taxonomy":"post_tag","embeddable":true,"href":"https:\/\/zonaroja.com.mx\/index.php?rest_route=%2Fwp%2Fv2%2Ftags&post=69747"}],"curies":[{"name":"wp","href":"https:\/\/api.w.org\/{rel}","templated":true}]}}