{"id":69750,"date":"2024-06-24T21:57:03","date_gmt":"2024-06-25T03:57:03","guid":{"rendered":"https:\/\/zonaroja.com.mx\/?p=69750"},"modified":"2024-06-24T21:57:04","modified_gmt":"2024-06-25T03:57:04","slug":"afirma-diputado-que-con-liderazgo-de-sheinbaum-continuara-la-transformacion-del-pais","status":"publish","type":"post","link":"https:\/\/zonaroja.com.mx\/?p=69750","title":{"rendered":"Afirma diputado que con liderazgo de Sheinbaum continuar\u00e1 la transformaci\u00f3n del pa\u00eds"},"content":{"rendered":"\n<p>Redacci\u00f3n\/Zona Roja.<\/p>\n\n\n\n<p>Oaxaca de Ju\u00e1rez, Oax., a 24 de junio de 2024.- El diputado local Sergio L\u00f3pez S\u00e1nchez celebr\u00f3 la visita de la Presidenta electa Claudia Sheinbaum Pardo y del Presidente Andr\u00e9s Manuel L\u00f3pez Obrador a Oaxaca, quienes durante tres d\u00edas estuvieron en el estado para supervisar las obras de desarrollo, junto con el gobernador Salom\u00f3n Jara Cruz.&nbsp;<\/p>\n\n\n\n<p>L\u00f3pez S\u00e1nchez manifest\u00f3 que Oaxaca seguir\u00e1 siendo un estado prioritario para la continuidad del desarrollo durante el liderazgo de la Presidenta electa, quien dar\u00e1 seguimiento a la transformaci\u00f3n de M\u00e9xico impulsada por el presidente L\u00f3pez Obrador.&nbsp;<\/p>\n\n\n\n<p>Al acompa\u00f1arlos a la inauguraci\u00f3n del camino artesanal de Santa Catarina Coatl\u00e1n a Santa Ana Miahuatl\u00e1n, el diputado destac\u00f3 que con estas acciones \u201cse impulsa el desarrollo, la econom\u00eda y la conectividad de nuestros pueblos y comunidades de Oaxaca\u201d.&nbsp;<\/p>\n\n\n\n<p>De igual manera, el legislador celebr\u00f3 la inauguraci\u00f3n de las instalaciones de la coordinaci\u00f3n estatal de la Guardia Nacional, en el municipio de Santa Cruz Xoxocotl\u00e1n, lo cual \u201crepresenta un gran paso en nuestro estado para garantizar la seguridad a las familias oaxaque\u00f1as\u201d.&nbsp;<\/p>\n\n\n\n<p>La presidenta electa Claudia Sheinbaum Pardo y el presidente Andr\u00e9s Manuel L\u00f3pez Obrador supervisaron junto con el gobernador Salom\u00f3n Jara Cruz las obras del Corredor Interoce\u00e1nico del Istmo de Tehuantepec.<\/p>\n\n\n\n<p>Asimismo visitaron Santa Mar\u00eda Huatulco para presentar los avances del plan de apoyo a personas afectadas por el hurac\u00e1n Agatha y la entrega de escrituras para la regularizaci\u00f3n de asentamientos humanos y las acciones de conservaci\u00f3n en las \u00c1reas Naturales Protegidas.<\/p>\n","protected":false},"excerpt":{"rendered":"<p>Redacci\u00f3n\/Zona Roja. Oaxaca de Ju\u00e1rez, Oax., a 24 de junio de 2024.- El diputado local&hellip;<\/p>\n","protected":false},"author":2,"featured_media":69751,"comment_status":"closed","ping_status":"open","sticky":false,"template":"","format":"standard","meta":{"_lmt_disableupdate":"","_lmt_disable":"","_jetpack_memberships_contains_paid_content":false,"footnotes":""},"categories":[109,46],"tags":[3803],"class_list":["post-69750","post","type-post","status-publish","format-standard","has-post-thumbnail","hentry","category-minuto-a-minuto","category-zona-blanca","tag-sergio-lopez-sanchez"],"jetpack_featured_media_url":"https:\/\/zonaroja.com.mx\/wp-content\/uploads\/2024\/06\/Sergio-Lopez-Sanchez-Claudia-S.jpg","jetpack_sharing_enabled":true,"_links":{"self":[{"href":"https:\/\/zonaroja.com.mx\/index.php?rest_route=\/wp\/v2\/posts\/69750","targetHints":{"allow":["GET"]}}],"collection":[{"href":"https:\/\/zonaroja.com.mx\/index.php?rest_route=\/wp\/v2\/posts"}],"about":[{"href":"https:\/\/zonaroja.com.mx\/index.php?rest_route=\/wp\/v2\/types\/post"}],"author":[{"embeddable":true,"href":"https:\/\/zonaroja.com.mx\/index.php?rest_route=\/wp\/v2\/users\/2"}],"replies":[{"embeddable":true,"href":"https:\/\/zonaroja.com.mx\/index.php?rest_route=%2Fwp%2Fv2%2Fcomments&post=69750"}],"version-history":[{"count":1,"href":"https:\/\/zonaroja.com.mx\/index.php?rest_route=\/wp\/v2\/posts\/69750\/revisions"}],"predecessor-version":[{"id":69752,"href":"https:\/\/zonaroja.com.mx\/index.php?rest_route=\/wp\/v2\/posts\/69750\/revisions\/69752"}],"wp:featuredmedia":[{"embeddable":true,"href":"https:\/\/zonaroja.com.mx\/index.php?rest_route=\/wp\/v2\/media\/69751"}],"wp:attachment":[{"href":"https:\/\/zonaroja.com.mx\/index.php?rest_route=%2Fwp%2Fv2%2Fmedia&parent=69750"}],"wp:term":[{"taxonomy":"category","embeddable":true,"href":"https:\/\/zonaroja.com.mx\/index.php?rest_route=%2Fwp%2Fv2%2Fcategories&post=69750"},{"taxonomy":"post_tag","embeddable":true,"href":"https:\/\/zonaroja.com.mx\/index.php?rest_route=%2Fwp%2Fv2%2Ftags&post=69750"}],"curies":[{"name":"wp","href":"https:\/\/api.w.org\/{rel}","templated":true}]}}