{"id":69753,"date":"2024-06-25T06:53:16","date_gmt":"2024-06-25T12:53:16","guid":{"rendered":"https:\/\/zonaroja.com.mx\/?p=69753"},"modified":"2024-06-25T06:53:18","modified_gmt":"2024-06-25T12:53:18","slug":"logran-estudiantes-del-cobao-subcampeonato-nacional-de-voleibol-varonil","status":"publish","type":"post","link":"https:\/\/zonaroja.com.mx\/?p=69753","title":{"rendered":"Logran estudiantes del Cobao subcampeonato nacional de voleibol varonil"},"content":{"rendered":"\n<p>Redacci\u00f3n\/Zona Roja.<\/p>\n\n\n\n<p>Oaxaca de Ju\u00e1rez, Oax., a 25 de junio de 2024.- Estudiantes del Colegio de Bachilleres del Estado de Oaxaca (Cobao) Plantel 47 de Loma Bonita, en la regi\u00f3n de la Cuenca del Papaloapan, lograron el subcampeonato de voleibol varonil durante la final de los Juegos Deportivos Nacionales de la Educaci\u00f3n Media Superior (Judenems).<\/p>\n\n\n\n<p>El equipo que represent\u00f3 a Oaxaca derrot\u00f3 en fase de grupos a Aguascalientes, Ciudad de M\u00e9xico y Quintana Roo, en cuartos de final a San Luis Potos\u00ed y en semifinales a Guerrero, para as\u00ed disputar el primer lugar en la arena de la Benem\u00e9rita Universidad Aut\u00f3noma de Puebla (BUAP) con Nuevo Le\u00f3n, inform\u00f3 la Directora General de la instituci\u00f3n Ver\u00f3nica Hern\u00e1ndez Gonz\u00e1lez.&nbsp;<\/p>\n\n\n\n<p>Este equipo de voleibol varonil estuvo integrado por los bachilleres Josmar Reyes Torres, Jos\u00e9 Luis Zepeda Castillo, Carlos Alejandro Murcia Cabrera, Johan Alberto Moreno Velasco, Josias Medina Villarauz, Aldahir de Jes\u00fas Dom\u00ednguez Lucas, Johan Emmanuel Rosales Ruiz, Jorge L\u00f3pez Mateos, Abraham Cari\u00f1o S\u00e1nchez y Juan de Dios Zuccolotto Pitol, con su entrenador, Julio C\u00e9sar L\u00f3pez Matus y el auxiliar t\u00e9cnico, Rogelio V\u00e1squez Herrera.<\/p>\n\n\n\n<p>Desde el a\u00f1o 2012, el Colegio no hab\u00eda participado en esta importante competencia organizada por el Consejo Nacional para el Desarrollo del Deporte en la Educaci\u00f3n Media Superior (Conadems), pero al ver el \u00edmpetu y talento de los j\u00f3venes, la Directora General les respald\u00f3 y el desempe\u00f1o deportivo de los bachilleres en esta disciplina fue excelente.<\/p>\n","protected":false},"excerpt":{"rendered":"<p>Redacci\u00f3n\/Zona Roja. Oaxaca de Ju\u00e1rez, Oax., a 25 de junio de 2024.- Estudiantes del Colegio&hellip;<\/p>\n","protected":false},"author":2,"featured_media":69754,"comment_status":"closed","ping_status":"open","sticky":false,"template":"","format":"standard","meta":{"_lmt_disableupdate":"","_lmt_disable":"","_jetpack_memberships_contains_paid_content":false,"footnotes":""},"categories":[109,46],"tags":[2883],"class_list":["post-69753","post","type-post","status-publish","format-standard","has-post-thumbnail","hentry","category-minuto-a-minuto","category-zona-blanca","tag-colegio-de-bachilleres-de-oaxaca-cobao"],"jetpack_featured_media_url":"https:\/\/zonaroja.com.mx\/wp-content\/uploads\/2024\/06\/Estudiantes-Cobao-.jpg","jetpack_sharing_enabled":true,"_links":{"self":[{"href":"https:\/\/zonaroja.com.mx\/index.php?rest_route=\/wp\/v2\/posts\/69753","targetHints":{"allow":["GET"]}}],"collection":[{"href":"https:\/\/zonaroja.com.mx\/index.php?rest_route=\/wp\/v2\/posts"}],"about":[{"href":"https:\/\/zonaroja.com.mx\/index.php?rest_route=\/wp\/v2\/types\/post"}],"author":[{"embeddable":true,"href":"https:\/\/zonaroja.com.mx\/index.php?rest_route=\/wp\/v2\/users\/2"}],"replies":[{"embeddable":true,"href":"https:\/\/zonaroja.com.mx\/index.php?rest_route=%2Fwp%2Fv2%2Fcomments&post=69753"}],"version-history":[{"count":1,"href":"https:\/\/zonaroja.com.mx\/index.php?rest_route=\/wp\/v2\/posts\/69753\/revisions"}],"predecessor-version":[{"id":69755,"href":"https:\/\/zonaroja.com.mx\/index.php?rest_route=\/wp\/v2\/posts\/69753\/revisions\/69755"}],"wp:featuredmedia":[{"embeddable":true,"href":"https:\/\/zonaroja.com.mx\/index.php?rest_route=\/wp\/v2\/media\/69754"}],"wp:attachment":[{"href":"https:\/\/zonaroja.com.mx\/index.php?rest_route=%2Fwp%2Fv2%2Fmedia&parent=69753"}],"wp:term":[{"taxonomy":"category","embeddable":true,"href":"https:\/\/zonaroja.com.mx\/index.php?rest_route=%2Fwp%2Fv2%2Fcategories&post=69753"},{"taxonomy":"post_tag","embeddable":true,"href":"https:\/\/zonaroja.com.mx\/index.php?rest_route=%2Fwp%2Fv2%2Ftags&post=69753"}],"curies":[{"name":"wp","href":"https:\/\/api.w.org\/{rel}","templated":true}]}}