{"id":69756,"date":"2024-06-25T10:30:00","date_gmt":"2024-06-25T16:30:00","guid":{"rendered":"https:\/\/zonaroja.com.mx\/?p=69756"},"modified":"2024-06-25T07:12:03","modified_gmt":"2024-06-25T13:12:03","slug":"eu-levanta-castigo-a-mexico-quita-veto-condicionado-al-aguacate-y-al-mango","status":"publish","type":"post","link":"https:\/\/zonaroja.com.mx\/?p=69756","title":{"rendered":"EU levanta \u2018castigo\u2019 a M\u00e9xico: quita veto, condicionado, al aguacate y al mango&#8230;\u00a0"},"content":{"rendered":"\n<p>Redacci\u00f3n\/Zona Roja Cdmx.<\/p>\n\n\n\n<p>Ciudad de M\u00e9xico, a 25 de junio de 2024.- El embajador de Estados Unidos en M\u00e9xico, Ken Salazar, anunci\u00f3 este lunes 24 de junio que se levantar\u00e1 el veto comercial en contra del aguacate michoacano y mango.<\/p>\n\n\n\n<p>Al respecto, el gobernador de Michoac\u00e1n, Alfredo Ram\u00edrez Bedolla, confirm\u00f3 que la frontera norte se reabrir\u00e1 para esas frutas.<\/p>\n\n\n\n<p>Sin embargo, la condici\u00f3n del gobierno de Estados Unidos fue reforzar la seguridad a los inspectores agr\u00edcolas que laboran en regiones productoras de \u201coro verde\u201d.<\/p>\n\n\n\n<p>Ken Salazar reconoci\u00f3 la voluntad de las autoridades mexicanas para implantar esquemas m\u00e1s eficientes y permanentes para garantizar la seguridad de los empleados de origen estadounidense.&nbsp;<\/p>\n\n\n\n<p>M\u00e1s adelante, el embajador dijo que se seguir\u00e1 trabajando en temas ambientales y laborales a favor de los trabajadores.<\/p>\n\n\n\n<p>Previo al encuentro con los medios de comunicaci\u00f3n, el diplom\u00e1tico remarc\u00f3 que si se cumple con el acuerdo de seguridad, no habr\u00e1 pausa en las expiraciones de aguacate y mango.<\/p>\n\n\n\n<p>Adem\u00e1s, corresponsabiliz\u00f3 a los productores y exportadores de aguacate en lo que hace a la seguridad.<\/p>\n\n\n\n<p>Ante esto, el gobernador Alfredo Ram\u00edrez afirm\u00f3 que con la reactivaci\u00f3n de las exportaciones se refrenda la buena relaci\u00f3n bilateral tras asegurar que existe cercan\u00eda con el embajador de Estados Unidos en M\u00e9xico.<\/p>\n\n\n\n<p>Por ello, destac\u00f3 que los equipos de trabajo, tanto del gobierno de Biden como de L\u00f3pez Obrador, sumaron voluntades para llegar a puntos de conciencia.<\/p>\n\n\n\n<p>Seg\u00fan un comunicado de la APEAM, fue un incidente ajeno lo que propici\u00f3 la pausa en las exportaciones, pues un portavoz del Departamento de Agricultura de Estados Unidos (USDA) explic\u00f3 por correo electr\u00f3nico que la decisi\u00f3n se tom\u00f3 porque est\u00e1n preocupados por la seguridad de su personal.<\/p>\n\n\n\n<p>Se detall\u00f3 que los inspectores fueron agredidos y detenidos temporalmente mientras realizaban su labor de inspecci\u00f3n en la entidad, aunque posteriormente fueron liberados. \u201cYa no est\u00e1n en cautiverio\u201d, se\u00f1alaron las autoridades.<\/p>\n\n\n\n<p>Tambi\u00e9n detall\u00f3 que la exportaci\u00f3n e inspecci\u00f3n del aguacate se reanudar\u00e1 cuando se revise la situaci\u00f3n de seguridad y se establezcan salvaguardas para el personal.<\/p>\n\n\n\n<p>(Informaci\u00f3n de \u201cEl Financiero\u201d)<\/p>\n","protected":false},"excerpt":{"rendered":"<p>Redacci\u00f3n\/Zona Roja Cdmx. Ciudad de M\u00e9xico, a 25 de junio de 2024.- El embajador de&hellip;<\/p>\n","protected":false},"author":2,"featured_media":69757,"comment_status":"closed","ping_status":"open","sticky":false,"template":"","format":"standard","meta":{"_lmt_disableupdate":"","_lmt_disable":"","_jetpack_memberships_contains_paid_content":false,"footnotes":""},"categories":[109,47],"tags":[],"class_list":["post-69756","post","type-post","status-publish","format-standard","has-post-thumbnail","hentry","category-minuto-a-minuto","category-zona-gris"],"jetpack_featured_media_url":"https:\/\/zonaroja.com.mx\/wp-content\/uploads\/2024\/06\/Veto-aguacate-mexicano.jpeg","jetpack_sharing_enabled":true,"_links":{"self":[{"href":"https:\/\/zonaroja.com.mx\/index.php?rest_route=\/wp\/v2\/posts\/69756","targetHints":{"allow":["GET"]}}],"collection":[{"href":"https:\/\/zonaroja.com.mx\/index.php?rest_route=\/wp\/v2\/posts"}],"about":[{"href":"https:\/\/zonaroja.com.mx\/index.php?rest_route=\/wp\/v2\/types\/post"}],"author":[{"embeddable":true,"href":"https:\/\/zonaroja.com.mx\/index.php?rest_route=\/wp\/v2\/users\/2"}],"replies":[{"embeddable":true,"href":"https:\/\/zonaroja.com.mx\/index.php?rest_route=%2Fwp%2Fv2%2Fcomments&post=69756"}],"version-history":[{"count":1,"href":"https:\/\/zonaroja.com.mx\/index.php?rest_route=\/wp\/v2\/posts\/69756\/revisions"}],"predecessor-version":[{"id":69758,"href":"https:\/\/zonaroja.com.mx\/index.php?rest_route=\/wp\/v2\/posts\/69756\/revisions\/69758"}],"wp:featuredmedia":[{"embeddable":true,"href":"https:\/\/zonaroja.com.mx\/index.php?rest_route=\/wp\/v2\/media\/69757"}],"wp:attachment":[{"href":"https:\/\/zonaroja.com.mx\/index.php?rest_route=%2Fwp%2Fv2%2Fmedia&parent=69756"}],"wp:term":[{"taxonomy":"category","embeddable":true,"href":"https:\/\/zonaroja.com.mx\/index.php?rest_route=%2Fwp%2Fv2%2Fcategories&post=69756"},{"taxonomy":"post_tag","embeddable":true,"href":"https:\/\/zonaroja.com.mx\/index.php?rest_route=%2Fwp%2Fv2%2Ftags&post=69756"}],"curies":[{"name":"wp","href":"https:\/\/api.w.org\/{rel}","templated":true}]}}