{"id":69759,"date":"2024-06-25T08:27:00","date_gmt":"2024-06-25T14:27:00","guid":{"rendered":"https:\/\/zonaroja.com.mx\/?p=69759"},"modified":"2024-06-25T07:28:53","modified_gmt":"2024-06-25T13:28:53","slug":"ano-y-medio-despues-seccion-22-se-acuerda-de-juzgar-a-anterior-dirigencia","status":"publish","type":"post","link":"https:\/\/zonaroja.com.mx\/?p=69759","title":{"rendered":"A\u00f1o y medio despu\u00e9s, Secci\u00f3n 22 se acuerda de juzgar a anterior dirigencia"},"content":{"rendered":"\n<p>Ismael Garc\u00eda M.\/Zona Roja.<\/p>\n\n\n\n<p>Oaxaca de Ju\u00e1rez, Oax., a 25 de junio de 2024.- Un a\u00f1o y medio despu\u00e9s de asumir el cargo, el comit\u00e9 ejecutivo de la Secci\u00f3n 22 del SNTE emiti\u00f3 una convocatoria para recibir denuncias e investigar a la anterior dirigencia, que encabez\u00f3 Eloy L\u00f3pez Hern\u00e1ndez.<\/p>\n\n\n\n<p>Ayer fue emitida la convocatoria, firmada la secretaria General, Yenny Aracely P\u00e9rez Mart\u00ednez, y el secretario de Organizaci\u00f3n, C\u00e9sar Garc\u00eda Zurita, y a partir de hoy comenzar\u00e1n a recibir los testimonios, por escrito.<\/p>\n\n\n\n<p>\u201cLa Comisi\u00f3n de Honor y Justicia, nombrada en la Asamblea Estatal el 2 de diciembre del 2023, estar\u00e1 recibiendo denuncias por escrito sobre el actuar del Comit\u00e9 Ejecutivo de la Secci\u00f3n XXII del periodo 2017-2022, del 25 de junio al 25 de julio\u201d, expone en el comunicado.<\/p>\n\n\n\n<p>Eloy L\u00f3pez y Genaro Mart\u00ednez Morales, entre otros, fueron acusados por las bases magisteriales y por la Asamblea Estatal de recibir dinero del gobierno de Alejandro Murat Hinojosa durante cinco a\u00f1os, para no movilizar al magisterio ni efectuar protestas.<\/p>\n\n\n\n<p>Apenas en diciembre pasado, un a\u00f1o despu\u00e9s de terminado el mandato del anterior comit\u00e9, se formaliz\u00f3 la instalaci\u00f3n de la Comisi\u00f3n de Honor y Justicia, que deber\u00e1 recibir las denuncias.<\/p>\n\n\n\n<p>Seg\u00fan la convocatoria, la recepci\u00f3n ser\u00e1 durante un mes, en un horario de 16:00 a 18:00 horas, en las oficinas del CEPOS 22, ubicadas en la calle Huerto Los Platanares, fraccionamiento Trinidad de las Huertas, ciudad de Oaxaca.<\/p>\n","protected":false},"excerpt":{"rendered":"<p>Ismael Garc\u00eda M.\/Zona Roja. Oaxaca de Ju\u00e1rez, Oax., a 25 de junio de 2024.- Un&hellip;<\/p>\n","protected":false},"author":2,"featured_media":69760,"comment_status":"closed","ping_status":"open","sticky":false,"template":"","format":"standard","meta":{"_lmt_disableupdate":"","_lmt_disable":"","_jetpack_memberships_contains_paid_content":false,"footnotes":""},"categories":[109,47],"tags":[],"class_list":["post-69759","post","type-post","status-publish","format-standard","has-post-thumbnail","hentry","category-minuto-a-minuto","category-zona-gris"],"jetpack_featured_media_url":"https:\/\/zonaroja.com.mx\/wp-content\/uploads\/2024\/06\/Eloy-Lopez-Hernandez-y-Alejandro-Murat.jpeg","jetpack_sharing_enabled":true,"_links":{"self":[{"href":"https:\/\/zonaroja.com.mx\/index.php?rest_route=\/wp\/v2\/posts\/69759","targetHints":{"allow":["GET"]}}],"collection":[{"href":"https:\/\/zonaroja.com.mx\/index.php?rest_route=\/wp\/v2\/posts"}],"about":[{"href":"https:\/\/zonaroja.com.mx\/index.php?rest_route=\/wp\/v2\/types\/post"}],"author":[{"embeddable":true,"href":"https:\/\/zonaroja.com.mx\/index.php?rest_route=\/wp\/v2\/users\/2"}],"replies":[{"embeddable":true,"href":"https:\/\/zonaroja.com.mx\/index.php?rest_route=%2Fwp%2Fv2%2Fcomments&post=69759"}],"version-history":[{"count":1,"href":"https:\/\/zonaroja.com.mx\/index.php?rest_route=\/wp\/v2\/posts\/69759\/revisions"}],"predecessor-version":[{"id":69761,"href":"https:\/\/zonaroja.com.mx\/index.php?rest_route=\/wp\/v2\/posts\/69759\/revisions\/69761"}],"wp:featuredmedia":[{"embeddable":true,"href":"https:\/\/zonaroja.com.mx\/index.php?rest_route=\/wp\/v2\/media\/69760"}],"wp:attachment":[{"href":"https:\/\/zonaroja.com.mx\/index.php?rest_route=%2Fwp%2Fv2%2Fmedia&parent=69759"}],"wp:term":[{"taxonomy":"category","embeddable":true,"href":"https:\/\/zonaroja.com.mx\/index.php?rest_route=%2Fwp%2Fv2%2Fcategories&post=69759"},{"taxonomy":"post_tag","embeddable":true,"href":"https:\/\/zonaroja.com.mx\/index.php?rest_route=%2Fwp%2Fv2%2Ftags&post=69759"}],"curies":[{"name":"wp","href":"https:\/\/api.w.org\/{rel}","templated":true}]}}