{"id":69775,"date":"2024-06-25T18:50:56","date_gmt":"2024-06-26T00:50:56","guid":{"rendered":"https:\/\/zonaroja.com.mx\/?p=69775"},"modified":"2024-06-25T18:50:57","modified_gmt":"2024-06-26T00:50:57","slug":"se-niegan-a-construir-aulas-en-cuicatlan-oaxaca-por-ser-de-la-seccion-59","status":"publish","type":"post","link":"https:\/\/zonaroja.com.mx\/?p=69775","title":{"rendered":"Se niegan a construir aulas en Cuicatl\u00e1n, Oaxaca, por ser de la Secci\u00f3n 59"},"content":{"rendered":"\n<p>Raymundo Morales\/Zona Roja.<\/p>\n\n\n\n<p>Oaxaca de Ju\u00e1rez, Oax., a 25 de junio de 2024.- Un grupo de padres de familia y docentes de San Juan Bautista Cuicatl\u00e1n protest\u00f3 hoy en la sede del Instituto Oaxaque\u00f1o Constructor de Infraestructura Educativa (IOCIED), en la capital de Oaxaca, para exigir la construcci\u00f3n de dos aulas.<\/p>\n\n\n\n<p>La demanda la plantearon desde el a\u00f1o 2022 y hasta la fecha no se han iniciado los trabajos; incluso en marzo pasado una constructora acudi\u00f3 para supuestamente dar el banderazo de inici\u00f3, pero despu\u00e9s se retir\u00f3.<\/p>\n\n\n\n<p>La justificaci\u00f3n para los padres de familia es que la primaria \u201cJos\u00e9 Vasconcelos\u201d funciona con maestros afiliados a la Secci\u00f3n 59 del SNTE.<\/p>\n\n\n\n<p>Ello lo denunciaron en conferencia de prensa integrantes del comit\u00e9 de tutores y el director del plantel, Benjam\u00edn L\u00f3pez Avenda\u00f1o, al exigir al titular del IOCID, Alejandro L\u00f3pez Jarqu\u00edn, que cumpla con su compromiso.<\/p>\n\n\n\n<p>\u201cHemos venido a dar vueltas, es la segunda vez que venimos en plan de \u2018tomar\u2019 la dependencia; hemos tratado de ser tolerantes, no sabemos los protocolos que se tienen que seguir; nos atiende una persona, otra, hasta ahora no hay respuesta favorable\u201d, dijo la secretaria del comit\u00e9 de padres.<\/p>\n\n\n\n<p>\u201cEl gobernador fue el 20 de diciembre a Cuicatl\u00e1n y ah\u00ed Alejandro L\u00f3pez Jarqu\u00edn mencion\u00f3 las obras de las otras escuelas y la nuestra no; le dijimos por qu\u00e9 no la mencion\u00f3 y nos dice: miren, aqu\u00ed est\u00e1, y nuestra escuela estaba en color amarillo, con inversi\u00f3n de 3.8 millones de pesos\u2026 es que son indicaciones del gobernador de que no la mencion\u00e1ramos por temor a la 22, y decimos por qu\u00e9 temor si es el gobierno\u201d, remarc\u00f3 el director del plantel.<\/p>\n\n\n\n<p>Reconoci\u00f3: \u201cSomos de la 59, pero pienso que nada tiene que ver un gremio sindical con la cuesti\u00f3n educativa\u201d; tras ello fueron citados a una reuni\u00f3n, en la sede del organismo ubicado en la colonia Reforma de la capital, donde supuestamente le confirmar\u00edan el inicio de los trabajos.<\/p>\n","protected":false},"excerpt":{"rendered":"<p>Raymundo Morales\/Zona Roja. Oaxaca de Ju\u00e1rez, Oax., a 25 de junio de 2024.- Un grupo&hellip;<\/p>\n","protected":false},"author":2,"featured_media":69777,"comment_status":"closed","ping_status":"open","sticky":false,"template":"","format":"standard","meta":{"_lmt_disableupdate":"","_lmt_disable":"","_jetpack_memberships_contains_paid_content":false,"footnotes":""},"categories":[109,47],"tags":[3304],"class_list":["post-69775","post","type-post","status-publish","format-standard","has-post-thumbnail","hentry","category-minuto-a-minuto","category-zona-gris","tag-san-juan-bautista-cuicatlan"],"jetpack_featured_media_url":"https:\/\/zonaroja.com.mx\/wp-content\/uploads\/2024\/06\/Protesta-escuela-Cuicatlan.jpg","jetpack_sharing_enabled":true,"_links":{"self":[{"href":"https:\/\/zonaroja.com.mx\/index.php?rest_route=\/wp\/v2\/posts\/69775","targetHints":{"allow":["GET"]}}],"collection":[{"href":"https:\/\/zonaroja.com.mx\/index.php?rest_route=\/wp\/v2\/posts"}],"about":[{"href":"https:\/\/zonaroja.com.mx\/index.php?rest_route=\/wp\/v2\/types\/post"}],"author":[{"embeddable":true,"href":"https:\/\/zonaroja.com.mx\/index.php?rest_route=\/wp\/v2\/users\/2"}],"replies":[{"embeddable":true,"href":"https:\/\/zonaroja.com.mx\/index.php?rest_route=%2Fwp%2Fv2%2Fcomments&post=69775"}],"version-history":[{"count":1,"href":"https:\/\/zonaroja.com.mx\/index.php?rest_route=\/wp\/v2\/posts\/69775\/revisions"}],"predecessor-version":[{"id":69778,"href":"https:\/\/zonaroja.com.mx\/index.php?rest_route=\/wp\/v2\/posts\/69775\/revisions\/69778"}],"wp:featuredmedia":[{"embeddable":true,"href":"https:\/\/zonaroja.com.mx\/index.php?rest_route=\/wp\/v2\/media\/69777"}],"wp:attachment":[{"href":"https:\/\/zonaroja.com.mx\/index.php?rest_route=%2Fwp%2Fv2%2Fmedia&parent=69775"}],"wp:term":[{"taxonomy":"category","embeddable":true,"href":"https:\/\/zonaroja.com.mx\/index.php?rest_route=%2Fwp%2Fv2%2Fcategories&post=69775"},{"taxonomy":"post_tag","embeddable":true,"href":"https:\/\/zonaroja.com.mx\/index.php?rest_route=%2Fwp%2Fv2%2Ftags&post=69775"}],"curies":[{"name":"wp","href":"https:\/\/api.w.org\/{rel}","templated":true}]}}