{"id":69779,"date":"2024-06-25T19:07:54","date_gmt":"2024-06-26T01:07:54","guid":{"rendered":"https:\/\/zonaroja.com.mx\/?p=69779"},"modified":"2024-06-25T19:07:56","modified_gmt":"2024-06-26T01:07:56","slug":"secretaria-de-seguridad-dice-que-solo-asesinaron-a-12-en-comicios-amlo-dijo-seis","status":"publish","type":"post","link":"https:\/\/zonaroja.com.mx\/?p=69779","title":{"rendered":"Secretaria de Seguridad dice que s\u00f3lo asesinaron a 12 en comicios; AMLO dijo seis"},"content":{"rendered":"\n<p>Redacci\u00f3n\/Zona Roja Cdmx.<\/p>\n\n\n\n<p>Ciudad de M\u00e9xico, a 25 de junio de 2024.- Mientras que la semana pasada el Presidente Andr\u00e9s Manuel L\u00f3pez Obrador asegur\u00f3 que fueron alrededor de seis personas las asesinadas durante el proceso electoral reciente, la secretaria de Seguridad, Rosa Icela Rodr\u00edguez, dijo hoy que fueron 12.<\/p>\n\n\n\n<p>Durante la conferencia de prensa matutina del mandatario mexicano, la secretaria de Seguridad P\u00fablica y Protecci\u00f3n Ciudadana, rechaz\u00f3 que el proceso electoral de 2024 sea el m\u00e1s violento de la historia.<\/p>\n\n\n\n<p>Incluso culp\u00f3 a los opositores de desprestigiar al gobierno por dar cifras m\u00e1s altas; organismos de la sociedad civil, como Laboratorio Electoral, han contabilizado que fueron 95 las personas asesinadas.<\/p>\n\n\n\n<p>\u201cDesafortunadamente en este periodo tuvo lugar el homicidio de 12 personas candidatas, registradas oficialmente ante los institutos electorales locales. En este tiempo hemos visto el inter\u00e9s de grupos opositores al r\u00e9gimen actual para generar alarma y la idea equivocada de que M\u00e9xico vivi\u00f3 el proceso electoral m\u00e1s violento de la historia reciente. Pero esto no es as\u00ed, se trata de campa\u00f1as que pretenden desprestigiar al gobierno\u201d, asegur\u00f3 Rosa Icela Rodr\u00edguez.<\/p>\n\n\n\n<p>Las agresiones, destac\u00f3, se centraron en aspirantes locales, entre ellos suplentes a una regidur\u00eda o sindicatura, as\u00ed como a presidencias municipales.<\/p>\n\n\n\n<p>Indic\u00f3 que para cuidar a los aspirantes a un cargo de elecci\u00f3n popular, se desplegaron elementos de las Fuerzas Armadas y de la Secretar\u00eda de la Defensa Nacional, adem\u00e1s se dio protecci\u00f3n a quienes as\u00ed lo solicitaron.<\/p>\n\n\n\n<p>Dijo que se recibieron 645 peticiones de protecci\u00f3n, 595 de las cuales fueron atendidas y 50 declinadas por los propios solicitantes; todos los candidatos que la pidieron tuvieron seguridad y la mantendr\u00e1n hasta que tomen posesi\u00f3n de su cargo. A la fecha, 121 cuentan con ella, los dem\u00e1s declinaron, indic\u00f3.<\/p>\n\n\n\n<p>Destac\u00f3 que, a diferencia de otros procesos electorales, este a\u00f1o no se registr\u00f3 ning\u00fan homicidio de contendientes a puestos de elecci\u00f3n federal ni a gubernaturas.<\/p>\n\n\n\n<p>De acuerdo con el reporte de Laboratorio Electoral, durante el proceso electoral 2023-2024, un total de 95 personas fueron asesinadas, de ellas, 38 eran aspirantes a una candidatura. Adem\u00e1s se registraron 243 agresiones, de las que 90 fueron atentados, 134 amenazas y 20 secuestros.<\/p>\n\n\n\n<p>Mientras que la semana pasada al ser cuestionado sobre la ola de violencia electoral, el Presidente L\u00f3pez Obrador rechaz\u00f3 que hubiera un incremento en el n\u00famero de homicidios de contendientes.&nbsp;<\/p>\n\n\n\n<p>\u00abHablo con gente que, se supone, est\u00e1n informados y me dicen \u2018\u00bfPor qu\u00e9 hubo 60 candidatos asesinados?\u2019 Y les digo: No, no hubo 60, creo que fueron seis, y fueron menos que la elecci\u00f3n del 21, y menos que la elecci\u00f3n del 18, y menos que la elecci\u00f3n del 12 y menos que la elecci\u00f3n del 6. Entonces, es una desinformaci\u00f3n\u00bb, asegur\u00f3 en la conferencia del pasado 14 de junio.&nbsp;<\/p>\n\n\n\n<p>(Con informaci\u00f3n de \u201cExpansi\u00f3n Pol\u00edtica\u201d)<\/p>\n","protected":false},"excerpt":{"rendered":"<p>Redacci\u00f3n\/Zona Roja Cdmx. Ciudad de M\u00e9xico, a 25 de junio de 2024.- Mientras que la&hellip;<\/p>\n","protected":false},"author":2,"featured_media":67750,"comment_status":"closed","ping_status":"open","sticky":false,"template":"","format":"standard","meta":{"_lmt_disableupdate":"","_lmt_disable":"","_jetpack_memberships_contains_paid_content":false,"footnotes":""},"categories":[109,47],"tags":[],"class_list":["post-69779","post","type-post","status-publish","format-standard","has-post-thumbnail","hentry","category-minuto-a-minuto","category-zona-gris"],"jetpack_featured_media_url":"https:\/\/zonaroja.com.mx\/wp-content\/uploads\/2024\/04\/Cinta-de-la-escena-del-crimen.jpg","jetpack_sharing_enabled":true,"_links":{"self":[{"href":"https:\/\/zonaroja.com.mx\/index.php?rest_route=\/wp\/v2\/posts\/69779","targetHints":{"allow":["GET"]}}],"collection":[{"href":"https:\/\/zonaroja.com.mx\/index.php?rest_route=\/wp\/v2\/posts"}],"about":[{"href":"https:\/\/zonaroja.com.mx\/index.php?rest_route=\/wp\/v2\/types\/post"}],"author":[{"embeddable":true,"href":"https:\/\/zonaroja.com.mx\/index.php?rest_route=\/wp\/v2\/users\/2"}],"replies":[{"embeddable":true,"href":"https:\/\/zonaroja.com.mx\/index.php?rest_route=%2Fwp%2Fv2%2Fcomments&post=69779"}],"version-history":[{"count":1,"href":"https:\/\/zonaroja.com.mx\/index.php?rest_route=\/wp\/v2\/posts\/69779\/revisions"}],"predecessor-version":[{"id":69780,"href":"https:\/\/zonaroja.com.mx\/index.php?rest_route=\/wp\/v2\/posts\/69779\/revisions\/69780"}],"wp:featuredmedia":[{"embeddable":true,"href":"https:\/\/zonaroja.com.mx\/index.php?rest_route=\/wp\/v2\/media\/67750"}],"wp:attachment":[{"href":"https:\/\/zonaroja.com.mx\/index.php?rest_route=%2Fwp%2Fv2%2Fmedia&parent=69779"}],"wp:term":[{"taxonomy":"category","embeddable":true,"href":"https:\/\/zonaroja.com.mx\/index.php?rest_route=%2Fwp%2Fv2%2Fcategories&post=69779"},{"taxonomy":"post_tag","embeddable":true,"href":"https:\/\/zonaroja.com.mx\/index.php?rest_route=%2Fwp%2Fv2%2Ftags&post=69779"}],"curies":[{"name":"wp","href":"https:\/\/api.w.org\/{rel}","templated":true}]}}