{"id":69788,"date":"2024-06-26T06:55:47","date_gmt":"2024-06-26T12:55:47","guid":{"rendered":"https:\/\/zonaroja.com.mx\/?p=69788"},"modified":"2024-06-26T06:55:49","modified_gmt":"2024-06-26T12:55:49","slug":"siembran-200-pochotes-en-las-riberas-del-rio-salado","status":"publish","type":"post","link":"https:\/\/zonaroja.com.mx\/?p=69788","title":{"rendered":"Siembran 200 pochotes en las riberas del r\u00edo \u201cSalado\u201d"},"content":{"rendered":"\n<p>Redacci\u00f3n\/Zona Roja.<\/p>\n\n\n\n<p>Oaxaca de Ju\u00e1rez, Oax., 26 de junio de 2024.-El ayuntamiento de Oaxaca de Ju\u00e1rez, a trav\u00e9s de la Secretar\u00eda de Medio Ambiente y Cambio Clim\u00e1tico, llev\u00f3 a cabo una de las plantaciones m\u00e1s importantes en los \u00faltimos a\u00f1os en las riberas del r\u00edo \u201cSalado\u201d, recuperando as\u00ed el ecosistema del lugar.&nbsp;<\/p>\n\n\n\n<p>El \u00e1rea, anteriormente famosa por su belleza natural y que colinda con el municipio de San Antonio de la Cal, ha sido afectada desde hace a\u00f1os con la pr\u00e1ctica nociva del abandono de basura, circunstancia que motiva esta intervenci\u00f3n por parte del gobierno capitalino<\/p>\n\n\n\n<p>Por lo anterior y antes de esta actividad de reforestaci\u00f3n, la Secretar\u00eda de Servicios Municipales realiz\u00f3 el \u00f3ptimo saneamiento y retir\u00f3 la acumulaci\u00f3n de residuos s\u00f3lidos urbanos.&nbsp;<\/p>\n\n\n\n<p>Con la distinguida participaci\u00f3n de la ciudadan\u00eda, de los Comvives de la zona y de la agencia municipal de Cinco Se\u00f1ores, se sembraron alrededor de 200 pochotes en el tramo del r\u00edo \u201cSalado\u201d que va desde el puente de San Antonio de la Cal hasta el puente de acceso al fraccionamiento El Rosario.<\/p>\n\n\n\n<p>Asimismo, intervinieron diversas \u00e1reas municipales como Ciudad Educadora; la Tesorer\u00eda Municipal; la Secretar\u00eda de Gobierno Municipal; la Regidur\u00eda de Agencias y Colonias; y la Regidur\u00eda de Hacienda Municipal y de Transparencia y Gobierno Abierto.<\/p>\n\n\n\n<p>Tambi\u00e9n colabor\u00f3 el Colectivo de Organizaciones Ambientalistas de Oaxaca (COAO); la diputada Melina Hern\u00e1ndez Sosa, presidenta de la Comisi\u00f3n Permanente de Medio Ambiente y Cambio Clim\u00e1tico del Congreso del Estado de Oaxaca y grupos del Pentatl\u00f3n y del CBTIS 26.<\/p>\n\n\n\n<p>Como una acci\u00f3n complementaria se han colocado anuncios en los que se informa de las sanciones establecidas en la Ley de Ingresos del municipio para quienes sean sorprendidos tirando basura en la zona.&nbsp;<\/p>\n\n\n\n<p>Esta actividad era esencial debido al cambio clim\u00e1tico y al aumento de las temperaturas, adem\u00e1s de que se requiere la infiltraci\u00f3n y retenci\u00f3n del agua en la zona.&nbsp;<\/p>\n\n\n\n<p>\u201cUn \u00e1rbol no solo purifica el aire sino que proporciona numerosos servicios ecosist\u00e9micos. Este lugar debe ser preservado, ya dimos el primer paso, ahora corresponde a la ciudadan\u00eda cuidar los pochotes sembrados\u00bb, se\u00f1al\u00f3 la secretaria de Medio Ambiente, Elsa Ortiz Rodr\u00edguez.<\/p>\n\n\n\n<p>El ayuntamiento de Oaxaca de Ju\u00e1rez contin\u00faa impulsando acciones a favor del medio ambiente e informa que el pr\u00f3ximo s\u00e1bado 29 de junio se llevar\u00e1 a cabo otra reforestaci\u00f3n, con el objetivo de sembrar&nbsp; 200 primaveras y 200 macuiles en los camellones del monumento a Ju\u00e1rez, en Viguera, hasta el Monumento a la Madre.<\/p>\n\n\n\n<p>Con estas acciones, el ayuntamiento capitalino reafirma su compromiso de continuar generando programas que beneficien al entorno natural y a la comunidad de Oaxaca de Ju\u00e1rez.<\/p>\n","protected":false},"excerpt":{"rendered":"<p>Redacci\u00f3n\/Zona Roja. Oaxaca de Ju\u00e1rez, Oax., 26 de junio de 2024.-El ayuntamiento de Oaxaca de&hellip;<\/p>\n","protected":false},"author":2,"featured_media":69789,"comment_status":"closed","ping_status":"open","sticky":false,"template":"","format":"standard","meta":{"_lmt_disableupdate":"","_lmt_disable":"","_jetpack_memberships_contains_paid_content":false,"footnotes":""},"categories":[109,51],"tags":[148],"class_list":["post-69788","post","type-post","status-publish","format-standard","has-post-thumbnail","hentry","category-minuto-a-minuto","category-zona-roja","tag-oaxaca-de-juarez"],"jetpack_featured_media_url":"https:\/\/zonaroja.com.mx\/wp-content\/uploads\/2024\/06\/Reforestacion-pochotes-Oaxaca.jpeg","jetpack_sharing_enabled":true,"_links":{"self":[{"href":"https:\/\/zonaroja.com.mx\/index.php?rest_route=\/wp\/v2\/posts\/69788","targetHints":{"allow":["GET"]}}],"collection":[{"href":"https:\/\/zonaroja.com.mx\/index.php?rest_route=\/wp\/v2\/posts"}],"about":[{"href":"https:\/\/zonaroja.com.mx\/index.php?rest_route=\/wp\/v2\/types\/post"}],"author":[{"embeddable":true,"href":"https:\/\/zonaroja.com.mx\/index.php?rest_route=\/wp\/v2\/users\/2"}],"replies":[{"embeddable":true,"href":"https:\/\/zonaroja.com.mx\/index.php?rest_route=%2Fwp%2Fv2%2Fcomments&post=69788"}],"version-history":[{"count":1,"href":"https:\/\/zonaroja.com.mx\/index.php?rest_route=\/wp\/v2\/posts\/69788\/revisions"}],"predecessor-version":[{"id":69790,"href":"https:\/\/zonaroja.com.mx\/index.php?rest_route=\/wp\/v2\/posts\/69788\/revisions\/69790"}],"wp:featuredmedia":[{"embeddable":true,"href":"https:\/\/zonaroja.com.mx\/index.php?rest_route=\/wp\/v2\/media\/69789"}],"wp:attachment":[{"href":"https:\/\/zonaroja.com.mx\/index.php?rest_route=%2Fwp%2Fv2%2Fmedia&parent=69788"}],"wp:term":[{"taxonomy":"category","embeddable":true,"href":"https:\/\/zonaroja.com.mx\/index.php?rest_route=%2Fwp%2Fv2%2Fcategories&post=69788"},{"taxonomy":"post_tag","embeddable":true,"href":"https:\/\/zonaroja.com.mx\/index.php?rest_route=%2Fwp%2Fv2%2Ftags&post=69788"}],"curies":[{"name":"wp","href":"https:\/\/api.w.org\/{rel}","templated":true}]}}