{"id":69791,"date":"2024-06-26T08:30:00","date_gmt":"2024-06-26T14:30:00","guid":{"rendered":"https:\/\/zonaroja.com.mx\/?p=69791"},"modified":"2024-06-26T07:09:40","modified_gmt":"2024-06-26T13:09:40","slug":"alertan-sobre-estado-de-salud-de-edil-de-la-reforma-putla-retenido-hace-cinco-semanas","status":"publish","type":"post","link":"https:\/\/zonaroja.com.mx\/?p=69791","title":{"rendered":"Alertan sobre estado de salud de edil de La Reforma, Putla, retenido hace cinco semanas"},"content":{"rendered":"\n<p>Raymundo Morales\/Zona Roja.<\/p>\n\n\n\n<p>Oaxaca de Ju\u00e1rez, Oax., a 26 de junio de 2024.- A m\u00e1s de un mes de la retenci\u00f3n del presidente municipal de La Reforma, Putla, Cipriano Arturo Guzm\u00e1n Boh\u00f3rquez, su salud se deteriora y su vida est\u00e1 en riesgo, ante la ausencia de intervenci\u00f3n por parte de la Secretar\u00eda de Gobierno.<\/p>\n\n\n\n<p>As\u00ed lo alertaron familiares del edil y el Centro de Derechos Humanos y Asesor\u00eda a Pueblos Ind\u00edgenas A.C., quienes dieron a conocer que la responsable del centro de salud urbano de Putla Villa de Guerrero, visit\u00f3 al presidente, virtualmente secuestrado en la comunidad de Estanzuela Grande.<\/p>\n\n\n\n<p>Tras ello, emiti\u00f3 un diagn\u00f3stico: #DX. De hipertensi\u00f3n arterial sist\u00e9mica y cardiopat\u00eda a consecuencia del mal manejo de su presi\u00f3n y dieta\u201d; al momento de su valoraci\u00f3n presenta un notorio deterioro f\u00edsico y psicol\u00f3gico a causa de su encarcelamiento, refiriendo intensa cefalea y dolor en regi\u00f3n pectoral, dolor de rodilla derecha por un desgaste &nbsp;en su articulaci\u00f3n, dolor lumbar por las condiciones en las que duerme, por lo que se recomend\u00f3 hospitalizaci\u00f3n, ya que en cualquier momento puede&nbsp; agudizarse su salud.<\/p>\n\n\n\n<p>Guzm\u00e1n Boh\u00f3rquez fue retenido con violencia, junto con otras tres personas, el pasado 18 de mayo por parte de pobladores de Estanzuela, quienes fueron identificados por los familiares como militantes del Movimiento de Unificaci\u00f3n y Lucha Triqui (MULT), para exigirle el pago de fondos presupuestales superiores a los que marca la ley.<\/p>\n\n\n\n<p>Luego de ello fueron obligadas&nbsp;a entregar sus pertenencias, como son celulares y bolsas de mano para poder ingresar, \u201csiendo intimidadas por personas que portaban armas punzocortantes y armas de fuego, y al estar realizando la valoraci\u00f3n m\u00e9dica en todo momento eran observadas por los habitantes de la comunidad&nbsp; de Estanzuela Grande, siendo grabadas en todo momento\u201d.<\/p>\n\n\n\n<p>En un comunicado firmado por familiares del edil y el Centro de Derechos Humanos, reproch\u00f3 que el pasado 12 de junio, el secretario de Gobierno, Jes\u00fas Romero L\u00f3pez, haya comentado que se desaparecer\u00edan poderes en La Reforma, pero no cuenta con ning\u00fan fundamento para ello.<\/p>\n\n\n\n<p>\u201cManifestamos que dicho procedimiento ser\u00eda ilegal y atentar\u00eda en contra de los derechos del doctor Cipriano Arturo Guzm\u00e1n Boh\u00f3rquez as\u00ed como de habitantes de La Reforma. Por esta situaci\u00f3n y en caso que se d\u00e9 la desaparici\u00f3n de poderes en La Reforma, Putla Villa de Guerrero, responsabilizamos al secretario General de Gobierno de la vida y la integridad f\u00edsica del presidente municipal, ya que estar\u00eda en m\u00e1s riesgo su vida\u201d, expusieron.<\/p>\n\n\n\n<p>Insistieron en que la v\u00eda id\u00f3nea es que se judicialicen las carpetas de investigaci\u00f3n y que se detengan a los responsables de la privaci\u00f3n ilegal de la libertad del edil y de otras tres personas m\u00e1s.<\/p>\n","protected":false},"excerpt":{"rendered":"<p>Raymundo Morales\/Zona Roja. Oaxaca de Ju\u00e1rez, Oax., a 26 de junio de 2024.- A m\u00e1s&hellip;<\/p>\n","protected":false},"author":2,"featured_media":69792,"comment_status":"closed","ping_status":"open","sticky":false,"template":"","format":"standard","meta":{"_lmt_disableupdate":"","_lmt_disable":"","_jetpack_memberships_contains_paid_content":false,"footnotes":""},"categories":[109,47],"tags":[3951],"class_list":["post-69791","post","type-post","status-publish","format-standard","has-post-thumbnail","hentry","category-minuto-a-minuto","category-zona-gris","tag-la-reforma-putla"],"jetpack_featured_media_url":"https:\/\/zonaroja.com.mx\/wp-content\/uploads\/2024\/06\/Retenidos-edil-La-Reforma.jpg","jetpack_sharing_enabled":true,"_links":{"self":[{"href":"https:\/\/zonaroja.com.mx\/index.php?rest_route=\/wp\/v2\/posts\/69791","targetHints":{"allow":["GET"]}}],"collection":[{"href":"https:\/\/zonaroja.com.mx\/index.php?rest_route=\/wp\/v2\/posts"}],"about":[{"href":"https:\/\/zonaroja.com.mx\/index.php?rest_route=\/wp\/v2\/types\/post"}],"author":[{"embeddable":true,"href":"https:\/\/zonaroja.com.mx\/index.php?rest_route=\/wp\/v2\/users\/2"}],"replies":[{"embeddable":true,"href":"https:\/\/zonaroja.com.mx\/index.php?rest_route=%2Fwp%2Fv2%2Fcomments&post=69791"}],"version-history":[{"count":1,"href":"https:\/\/zonaroja.com.mx\/index.php?rest_route=\/wp\/v2\/posts\/69791\/revisions"}],"predecessor-version":[{"id":69793,"href":"https:\/\/zonaroja.com.mx\/index.php?rest_route=\/wp\/v2\/posts\/69791\/revisions\/69793"}],"wp:featuredmedia":[{"embeddable":true,"href":"https:\/\/zonaroja.com.mx\/index.php?rest_route=\/wp\/v2\/media\/69792"}],"wp:attachment":[{"href":"https:\/\/zonaroja.com.mx\/index.php?rest_route=%2Fwp%2Fv2%2Fmedia&parent=69791"}],"wp:term":[{"taxonomy":"category","embeddable":true,"href":"https:\/\/zonaroja.com.mx\/index.php?rest_route=%2Fwp%2Fv2%2Fcategories&post=69791"},{"taxonomy":"post_tag","embeddable":true,"href":"https:\/\/zonaroja.com.mx\/index.php?rest_route=%2Fwp%2Fv2%2Ftags&post=69791"}],"curies":[{"name":"wp","href":"https:\/\/api.w.org\/{rel}","templated":true}]}}