{"id":69802,"date":"2024-06-26T11:08:00","date_gmt":"2024-06-26T17:08:00","guid":{"rendered":"https:\/\/zonaroja.com.mx\/?p=69802"},"modified":"2024-06-26T08:08:46","modified_gmt":"2024-06-26T14:08:46","slug":"abate-fiscalia-de-oaxaca-impunidad-en-delitos-contra-la-mujer","status":"publish","type":"post","link":"https:\/\/zonaroja.com.mx\/?p=69802","title":{"rendered":"Abate Fiscal\u00eda de Oaxaca impunidad en delitos contra la mujer"},"content":{"rendered":"\n<p>Redacci\u00f3n\/Zona Roja.<\/p>\n\n\n\n<p>Oaxaca de Ju\u00e1rez, Oax., a 25 de junio de 2024.- Como parte de la estrategia de cero tolerancia a delitos contra la mujer por raz\u00f3n de g\u00e9nero, la Fiscal\u00eda General del Estado de Oaxaca obtuvo una sentencia condenatoria y dos vinculaciones a proceso por tres casos diferentes de Violencia Familiar, hechos ocurridos en la regi\u00f3n de la Costa.<\/p>\n\n\n\n<p>El primer caso corresponde a hechos suscitados el 5 de enero de 2024, cuando la v\u00edctima identificada como S.G.A., se encontraba en su centro de trabajo, ubicado en avenida Puerto Escondido del sector R, jurisdicci\u00f3n de Santa Cruz Huatulco, sitio al que lleg\u00f3 S.M.S., quien la agredi\u00f3.<\/p>\n\n\n\n<p>Ante estos hechos, la FGEO inici\u00f3 una exhaustiva investigaci\u00f3n a trav\u00e9s de la Vicefiscal\u00eda Regional de la Costa, la cual permiti\u00f3 llevar al imputado ante el Juez quien, en audiencia, dict\u00f3 sentencia condenatoria en contra de S.M.S., por su responsabilidad en la comisi\u00f3n del delito de violencia familiar, imponiendo la pena de dos a\u00f1os de prisi\u00f3n, adem\u00e1s de una multa y el pago de la reparaci\u00f3n del da\u00f1o en abstracto.<\/p>\n\n\n\n<p>El segundo hecho ocurri\u00f3 el 5 de junio de 2024, cuando la v\u00edctima identificada como A.E.G.L., se encontraba en su domicilio ubicado en la colonia Libertad, en el municipio de Santa Mar\u00eda Colotepec, lugar al que arrib\u00f3 una persona para agredir a la v\u00edctima de manera f\u00edsica y verbal.<\/p>\n\n\n\n<p>Tras la denuncia, la FGEO inici\u00f3 las investigaciones correspondientes, por lo que elementos de la Agencia Estatal de Investigaciones (AEI) aprehendieron a I.C.P., quien qued\u00f3 vinculado a proceso por el delito de violencia familiar de acuerdo al dictamen emitido por un Juez, quien impuso medidas cautelares y otorg\u00f3 de tres meses para el cierre de investigaci\u00f3n complementaria.<\/p>\n\n\n\n<p>El tercer caso es una vinculaci\u00f3n a proceso obtenida por la FGEO por el delito de violencia familiar en la Costa, esta sucedi\u00f3 el 9 de agosto de 2022, cuando la v\u00edctima de iniciales J.A.A., se encontraba en su domicilio ubicado en la colonia la Cruz, Rio Grande, en el municipio de la Villa de Tututepec, momento en que fue agredida.<\/p>\n\n\n\n<p>Tras acudir ante la FGEO, la Vicefiscal\u00eda Regional de la Costa realiz\u00f3 las indagatorias por las que se obtuvo una orden de aprehensi\u00f3n en contra de T.C.M., quien fue llevado ante el Juez que conoce la causa quien, luego de valorar las pruebas presentadas por la FGEO, determin\u00f3 vincular a proceso a T.C.M., por el delito de violencia familiar, adem\u00e1s de otorgar dos meses para el cierre de la investigaci\u00f3n.<\/p>\n\n\n\n<p>VINCULADOS A PROCESO&nbsp;<\/p>\n\n\n\n<p>En otro caso, la Fiscal\u00eda General obtuvo auto de vinculaci\u00f3n a proceso contra tres personas identificadas como J.M.N.S., Y.P.E., y E.I.M.F., por el delito de Despojo Agravado en perjuicio patrimonial de P.E.O.A., hechos cometidos en la regi\u00f3n de la Costa.<\/p>\n\n\n\n<p>De acuerdo con la causa penal, el 5 de diciembre de 2023, un grupo de personas arrib\u00f3 a un inmueble ubicado en la calle Andador Rinconcito, en la agencia Municipal de Mazunte, perteneciente a Santa Mar\u00eda Tonameca, distrito de Pochutla, arrendado por la v\u00edctima para un local comercial.<\/p>\n\n\n\n<p>En el lugar, agredieron de forma violenta a la v\u00edctima y sus trabajadores, con el \u00e1nimo de tomar posesi\u00f3n del inmueble, adem\u00e1s de llevarse dinero en efectivo que hab\u00eda en la caja de cobro.<\/p>\n\n\n\n<p>Ante este hecho y tras la denuncia presentada, la Instituci\u00f3n de procuraci\u00f3n de justicia inici\u00f3 una exhaustiva investigaci\u00f3n -a trav\u00e9s de la Vicefiscal\u00eda Regional de la Costa-, logrando aprehender y presentar a los imputados ante el Juez de Control.<\/p>\n\n\n\n<p>En audiencia y tras evaluar los datos de prueba aportados por la FGEO, el Juez en turno dict\u00f3 auto de vinculaci\u00f3n a proceso para J.M.N.S., Y.P.E., y E.I.M.F., por el delito de despojo agravado y otorg\u00f3 el plazo de dos meses para el cierre de investigaci\u00f3n complementaria.<\/p>\n","protected":false},"excerpt":{"rendered":"<p>Redacci\u00f3n\/Zona Roja. Oaxaca de Ju\u00e1rez, Oax., a 25 de junio de 2024.- Como parte de&hellip;<\/p>\n","protected":false},"author":2,"featured_media":68262,"comment_status":"closed","ping_status":"open","sticky":false,"template":"","format":"standard","meta":{"_lmt_disableupdate":"","_lmt_disable":"","_jetpack_memberships_contains_paid_content":false,"footnotes":""},"categories":[109,46],"tags":[494],"class_list":["post-69802","post","type-post","status-publish","format-standard","has-post-thumbnail","hentry","category-minuto-a-minuto","category-zona-blanca","tag-fiscalia-general-del-estado-de-oaxaca"],"jetpack_featured_media_url":"https:\/\/zonaroja.com.mx\/wp-content\/uploads\/2024\/05\/Agresion-a-mujeres-violencia-mujer.jpeg","jetpack_sharing_enabled":true,"_links":{"self":[{"href":"https:\/\/zonaroja.com.mx\/index.php?rest_route=\/wp\/v2\/posts\/69802","targetHints":{"allow":["GET"]}}],"collection":[{"href":"https:\/\/zonaroja.com.mx\/index.php?rest_route=\/wp\/v2\/posts"}],"about":[{"href":"https:\/\/zonaroja.com.mx\/index.php?rest_route=\/wp\/v2\/types\/post"}],"author":[{"embeddable":true,"href":"https:\/\/zonaroja.com.mx\/index.php?rest_route=\/wp\/v2\/users\/2"}],"replies":[{"embeddable":true,"href":"https:\/\/zonaroja.com.mx\/index.php?rest_route=%2Fwp%2Fv2%2Fcomments&post=69802"}],"version-history":[{"count":1,"href":"https:\/\/zonaroja.com.mx\/index.php?rest_route=\/wp\/v2\/posts\/69802\/revisions"}],"predecessor-version":[{"id":69803,"href":"https:\/\/zonaroja.com.mx\/index.php?rest_route=\/wp\/v2\/posts\/69802\/revisions\/69803"}],"wp:featuredmedia":[{"embeddable":true,"href":"https:\/\/zonaroja.com.mx\/index.php?rest_route=\/wp\/v2\/media\/68262"}],"wp:attachment":[{"href":"https:\/\/zonaroja.com.mx\/index.php?rest_route=%2Fwp%2Fv2%2Fmedia&parent=69802"}],"wp:term":[{"taxonomy":"category","embeddable":true,"href":"https:\/\/zonaroja.com.mx\/index.php?rest_route=%2Fwp%2Fv2%2Fcategories&post=69802"},{"taxonomy":"post_tag","embeddable":true,"href":"https:\/\/zonaroja.com.mx\/index.php?rest_route=%2Fwp%2Fv2%2Ftags&post=69802"}],"curies":[{"name":"wp","href":"https:\/\/api.w.org\/{rel}","templated":true}]}}