{"id":69807,"date":"2024-06-26T00:15:00","date_gmt":"2024-06-26T06:15:00","guid":{"rendered":"https:\/\/zonaroja.com.mx\/?p=69807"},"modified":"2024-06-26T08:19:05","modified_gmt":"2024-06-26T14:19:05","slug":"comunidad-de-jaltepec-de-candayoc-exige-restitucion-de-tierras","status":"publish","type":"post","link":"https:\/\/zonaroja.com.mx\/?p=69807","title":{"rendered":"Comunidad de Jaltepec de Candayoc exige restituci\u00f3n de tierras"},"content":{"rendered":"\n<p>Redacci\u00f3n\/Zona Roja.<\/p>\n\n\n\n<p>Oaxaca de Ju\u00e1rez, Oax., a 26 de junio de 2024.- La comunidad Ayuujk San Juan Jaltepec de Candayoc&nbsp; denunci\u00f3 recientemente la expropiaci\u00f3n de 2050 hect\u00e1reas de \u201cLa Sabana\u201d considerad para los habitantes como territorio ancestral sagrado.&nbsp;<\/p>\n\n\n\n<p>A pesar de que este territorio se encuentra amparada, el Tribunal Unitario Agrario (TUA) 22 \u201cneg\u00f3 injustamente la indemnizaci\u00f3n, y la reversi\u00f3n de las m\u00e1s de 2,050 hect\u00e1reas\u201d se\u00f1al\u00f3 la comunidad mixe, del municipio de San Juan Cotzoc\u00f3n.<\/p>\n\n\n\n<p>Los m\u00e1s de 600 comuneros afectados afirmaron que junto a su comunidad de tres mil habitantes, est\u00e1n en proceso de apelaci\u00f3n, justificando que esta sentencia niega el derecho humano a la propiedad ancestral del su territorio tal y como los establecen diversos convenios internacionales, la Constituci\u00f3n federal y en la Constituci\u00f3n local.&nbsp;<\/p>\n\n\n\n<p>Estas acciones fueron anunciadas luego de que el pasado mi\u00e9rcoles 29 de mayo, las autoridades de bienes comunales convocaron a una asamblea extraordinaria, en ella se les comunic\u00f3 a los y las comuneros sobre el dictamen de la sentencia del territorio de \u201cLa Sabana\u201d.<\/p>\n\n\n\n<p>\u201cLa decisi\u00f3n meramente positivista del referido magistrado que por omisi\u00f3n invisibliza y niega nuestra existencia como comunidad ind\u00edgena, vulnera nuestro derecho al rerritorio, a la tierra y a los recursos naturales, haciendo negatividad la indemnizaci\u00f3n por la expropiaci\u00f3n de nuestras tierras en donde actualmente est\u00e1n sentados nuestros hermanos ind\u00edgenas que resultaron afectados por la construcci\u00f3n de la presa hidroel\u00e9ctrica \u201cMiguel Alem\u00e1n\u201d; y a la reversi\u00f3n de las tierras que no fueron utilizadas conforme a los fines (reacomodo) de la expropiaci\u00f3n\u201d, expusieron en una petici\u00f3n lanzada este 17 de junio y que actualmente se encuentra recabando firmas.<\/p>\n\n\n\n<p>Tambi\u00e9n se\u00f1alaron que el magistrado carece de perspectiva pluricultural e intercultural al negar el derecho fundamental a esta comunidad ind\u00edgena y pidieron que el Tribunal Superior Agrario analice minuciosamente los agravios expresados en el Recurso de Revisi\u00f3n interpuesto.<\/p>\n\n\n\n<p>Y al resolver garantice sus derechos colectivos \u201creconociendo que somos los propietarios ancestrales de las tierras expropiadas en 1956 y 1958 condenando a los demandados a la indemnizaci\u00f3n y reversi\u00f3n de nuestras tierras como en justicia debe ser\u201d finalizaron.<\/p>\n\n\n\n<p>Jaltepec de Candayoc destaca por la defensa que sus habitantes han hecho de su territorio desde 1956, una vez decretada la expropiaci\u00f3n a favor de la Comisi\u00f3n del Papaloapan de esta manera, para los habitantes de Jaltepec de Candayoc es \u201cuna historia de lucha por la tierra, el territorio y la vida\u201d contra un gobierno que ha intentado una y otra vez arrebatarle hect\u00e1reas de su territorio, tal y como los antecedentes lo demuestran en 2009, cuando Ulises Ruiz Ortiz las declar\u00f3 Zona de Reserva Ecol\u00f3gica.<\/p>\n\n\n\n<p>(Comunicado Educa)<\/p>\n","protected":false},"excerpt":{"rendered":"<p>Redacci\u00f3n\/Zona Roja. Oaxaca de Ju\u00e1rez, Oax., a 26 de junio de 2024.- La comunidad Ayuujk&hellip;<\/p>\n","protected":false},"author":2,"featured_media":69796,"comment_status":"closed","ping_status":"open","sticky":false,"template":"","format":"standard","meta":{"_lmt_disableupdate":"","_lmt_disable":"","_jetpack_memberships_contains_paid_content":false,"footnotes":""},"categories":[109,47],"tags":[1573],"class_list":["post-69807","post","type-post","status-publish","format-standard","has-post-thumbnail","hentry","category-minuto-a-minuto","category-zona-gris","tag-jaltepec-de-candayoc"],"jetpack_featured_media_url":"https:\/\/zonaroja.com.mx\/wp-content\/uploads\/2024\/06\/Caso-Jaltepec-de-Candayoc.jpeg","jetpack_sharing_enabled":true,"_links":{"self":[{"href":"https:\/\/zonaroja.com.mx\/index.php?rest_route=\/wp\/v2\/posts\/69807","targetHints":{"allow":["GET"]}}],"collection":[{"href":"https:\/\/zonaroja.com.mx\/index.php?rest_route=\/wp\/v2\/posts"}],"about":[{"href":"https:\/\/zonaroja.com.mx\/index.php?rest_route=\/wp\/v2\/types\/post"}],"author":[{"embeddable":true,"href":"https:\/\/zonaroja.com.mx\/index.php?rest_route=\/wp\/v2\/users\/2"}],"replies":[{"embeddable":true,"href":"https:\/\/zonaroja.com.mx\/index.php?rest_route=%2Fwp%2Fv2%2Fcomments&post=69807"}],"version-history":[{"count":1,"href":"https:\/\/zonaroja.com.mx\/index.php?rest_route=\/wp\/v2\/posts\/69807\/revisions"}],"predecessor-version":[{"id":69808,"href":"https:\/\/zonaroja.com.mx\/index.php?rest_route=\/wp\/v2\/posts\/69807\/revisions\/69808"}],"wp:featuredmedia":[{"embeddable":true,"href":"https:\/\/zonaroja.com.mx\/index.php?rest_route=\/wp\/v2\/media\/69796"}],"wp:attachment":[{"href":"https:\/\/zonaroja.com.mx\/index.php?rest_route=%2Fwp%2Fv2%2Fmedia&parent=69807"}],"wp:term":[{"taxonomy":"category","embeddable":true,"href":"https:\/\/zonaroja.com.mx\/index.php?rest_route=%2Fwp%2Fv2%2Fcategories&post=69807"},{"taxonomy":"post_tag","embeddable":true,"href":"https:\/\/zonaroja.com.mx\/index.php?rest_route=%2Fwp%2Fv2%2Ftags&post=69807"}],"curies":[{"name":"wp","href":"https:\/\/api.w.org\/{rel}","templated":true}]}}