{"id":69809,"date":"2024-06-26T17:05:56","date_gmt":"2024-06-26T23:05:56","guid":{"rendered":"https:\/\/zonaroja.com.mx\/?p=69809"},"modified":"2024-06-26T17:05:59","modified_gmt":"2024-06-26T23:05:59","slug":"emite-el-congreso-convocatoria-para-elegir-a-titular-de-fiscalia-en-delitos-electorales","status":"publish","type":"post","link":"https:\/\/zonaroja.com.mx\/?p=69809","title":{"rendered":"Emite el Congreso convocatoria para elegir a titular de Fiscal\u00eda en Delitos Electorales"},"content":{"rendered":"\n<p>Redacci\u00f3n\/Zona Roja.<\/p>\n\n\n\n<p>Oaxaca de Ju\u00e1rez, Oax. 26 de junio de 2024.- La Comisi\u00f3n Permanente de Administraci\u00f3n y Procuraci\u00f3n de Justicia de la 65 Legislatura local emiti\u00f3 la convocatoria para integrar la lista de personas candidatas al cargo de titular de la Fiscal\u00eda Especializada en Delitos Electorales del Estado de Oaxaca.<\/p>\n\n\n\n<p>Por lo que se invita a todas las personas profesionales de la licenciatura en Derecho a participar en el proceso, de conformidad con lo establecido en el art\u00edculo 114, apartado D, de la Constituci\u00f3n de Oaxaca.<\/p>\n\n\n\n<p>De acuerdo con la convocatoria, las y los aspirantes deber\u00e1n cumplir con cinco requisitos, los cuales son: tener la ciudadan\u00eda mexicana, as\u00ed como la edad m\u00ednima de 35 a\u00f1os cumplidos al d\u00eda de la designaci\u00f3n. Contar con t\u00edtulo profesional de la Licenciatura en Derecho, con antig\u00fcedad m\u00ednima de 10 a\u00f1os, y gozar de buena reputaci\u00f3n.<\/p>\n\n\n\n<p>Asimismo, no haber sido condenada o condenado mediante resoluci\u00f3n firme por delitos de g\u00e9nero; por violencia familiar; por delitos cometidos por razones de g\u00e9nero y no estar inscrito como persona deudora alimentaria morosa en cualquier registro oficial a menos que acredite estar al corriente del pago, cancele en su totalidad la deuda o bien, tramite el descuento pertinente ante las instancias que as\u00ed correspondan, en t\u00e9rminos de lo dispuesto en la ley de la materia.<\/p>\n\n\n\n<p>Las personas interesadas deber\u00e1n presentarse el lunes 1 de julio del a\u00f1o en curso, en un horario de 10:00 a 16:00 horas, en la sala Expresidentes del Congreso de Oaxaca, ante las y los diputados integrantes de la Comisi\u00f3n Permanente de Administraci\u00f3n y Procuraci\u00f3n de Justicia.<\/p>\n\n\n\n<p>Deber\u00e1n presentar un escrito de intenci\u00f3n de participar en el proceso, dirigido a la diputada Lizett Arroyo Rodr\u00edguez, presidenta de la comisi\u00f3n; curr\u00edculum vitae, copia y original de la identificaci\u00f3n oficial con fotograf\u00eda, del acta de nacimiento, del t\u00edtulo y de la c\u00e9dula profesional, y una carta bajo protesta de decir verdad en donde se manifieste que la persona interesada no se encuentra suspendida o privada en el ejercicio de sus derechos civiles o pol\u00edticos, ni est\u00e1 inhabilitada para ejercer cargos p\u00fablicos en el estado, que goza de buena reputaci\u00f3n y no est\u00e1 inscrito en el Registro de Deudores Alimentarios Morosos.<\/p>\n\n\n\n<p>La Comisi\u00f3n Permanente de Administraci\u00f3n y Procuraci\u00f3n de Justicia analizar\u00e1 y revisar\u00e1 el cumplimiento de los requisitos de elegibilidad y formar\u00e1 el expediente respectivo de cada persona aspirante.<\/p>\n\n\n\n<p>Posteriormente, integrar\u00e1 la lista de cuando menos 10 personas candidatas al cargo, la cual ser\u00e1 puesta a consideraci\u00f3n del Pleno de la LXV Legislatura del Congreso, misma que deber\u00e1 ser aprobada por las dos terceras partes de las diputadas y diputados presentes.<\/p>\n\n\n\n<p>Dicha lista ser\u00e1 remitida al Titular del Poder Ejecutivo, para que, dentro de los 10 d\u00edas siguientes, formule una terna y la remita a la consideraci\u00f3n del Congreso local.<\/p>\n\n\n\n<p>Despu\u00e9s, la comisi\u00f3n llamar\u00e1 a comparecer a las personas integrantes de la terna, la cual ser\u00e1 sometida al Pleno para su votaci\u00f3n, y designaci\u00f3n de la persona que presidir\u00e1 la Fiscal\u00eda Especializada en Delitos Electorales del Estado de Oaxaca.&nbsp;<\/p>\n\n\n\n<p>Para la designaci\u00f3n de la o el fiscal, se considerar\u00e1 el voto de las dos terceras partes de las diputadas y diputados presentes.&nbsp;<\/p>\n","protected":false},"excerpt":{"rendered":"<p>Redacci\u00f3n\/Zona Roja. Oaxaca de Ju\u00e1rez, Oax. 26 de junio de 2024.- La Comisi\u00f3n Permanente de&hellip;<\/p>\n","protected":false},"author":2,"featured_media":64833,"comment_status":"closed","ping_status":"open","sticky":false,"template":"","format":"standard","meta":{"_lmt_disableupdate":"","_lmt_disable":"","_jetpack_memberships_contains_paid_content":false,"footnotes":""},"categories":[109,46],"tags":[2743],"class_list":["post-69809","post","type-post","status-publish","format-standard","has-post-thumbnail","hentry","category-minuto-a-minuto","category-zona-blanca","tag-65-legislatura-del-estado-de-oaxaca"],"jetpack_featured_media_url":"https:\/\/zonaroja.com.mx\/wp-content\/uploads\/2024\/02\/Congreso-Oaxaca-diputados.jpg","jetpack_sharing_enabled":true,"_links":{"self":[{"href":"https:\/\/zonaroja.com.mx\/index.php?rest_route=\/wp\/v2\/posts\/69809","targetHints":{"allow":["GET"]}}],"collection":[{"href":"https:\/\/zonaroja.com.mx\/index.php?rest_route=\/wp\/v2\/posts"}],"about":[{"href":"https:\/\/zonaroja.com.mx\/index.php?rest_route=\/wp\/v2\/types\/post"}],"author":[{"embeddable":true,"href":"https:\/\/zonaroja.com.mx\/index.php?rest_route=\/wp\/v2\/users\/2"}],"replies":[{"embeddable":true,"href":"https:\/\/zonaroja.com.mx\/index.php?rest_route=%2Fwp%2Fv2%2Fcomments&post=69809"}],"version-history":[{"count":1,"href":"https:\/\/zonaroja.com.mx\/index.php?rest_route=\/wp\/v2\/posts\/69809\/revisions"}],"predecessor-version":[{"id":69810,"href":"https:\/\/zonaroja.com.mx\/index.php?rest_route=\/wp\/v2\/posts\/69809\/revisions\/69810"}],"wp:featuredmedia":[{"embeddable":true,"href":"https:\/\/zonaroja.com.mx\/index.php?rest_route=\/wp\/v2\/media\/64833"}],"wp:attachment":[{"href":"https:\/\/zonaroja.com.mx\/index.php?rest_route=%2Fwp%2Fv2%2Fmedia&parent=69809"}],"wp:term":[{"taxonomy":"category","embeddable":true,"href":"https:\/\/zonaroja.com.mx\/index.php?rest_route=%2Fwp%2Fv2%2Fcategories&post=69809"},{"taxonomy":"post_tag","embeddable":true,"href":"https:\/\/zonaroja.com.mx\/index.php?rest_route=%2Fwp%2Fv2%2Ftags&post=69809"}],"curies":[{"name":"wp","href":"https:\/\/api.w.org\/{rel}","templated":true}]}}