{"id":69811,"date":"2024-06-26T18:02:13","date_gmt":"2024-06-27T00:02:13","guid":{"rendered":"https:\/\/zonaroja.com.mx\/?p=69811"},"modified":"2024-06-26T18:02:15","modified_gmt":"2024-06-27T00:02:15","slug":"identifican-a-los-tres-jovenes-asesinados-en-la-region-mixteca-tras-fiesta","status":"publish","type":"post","link":"https:\/\/zonaroja.com.mx\/?p=69811","title":{"rendered":"Identifican a los tres j\u00f3venes asesinados en la regi\u00f3n Mixteca, tras fiesta"},"content":{"rendered":"\n<p>Redacci\u00f3n\/Zona Roja.<\/p>\n\n\n\n<p>Oaxaca de Ju\u00e1rez, Oax., a 26 de junio de 2024.- Tres j\u00f3venes fueron asesinados a balazos anoche luego de asistir a una fiesta popular, en San Juan Mixtepec, municipio de la regi\u00f3n Mixteca del estado.<\/p>\n\n\n\n<p>Tras culminar la pelea de gallos, alrededor de las 22:30 horas las ahora v\u00edctimas se retiraban del lugar a bordo de su veh\u00edculo, pero fueron interceptadas cerca de la carretera y acribilladas por sujetos desconocidos.<\/p>\n\n\n\n<p>En el sitio quedaron sin vida los cuerpos de Gerardo B., de 23 a\u00f1os de edad; Jorge Sa\u00fal Z. H., de 29 a\u00f1os, y Miguel R., de 21 a\u00f1os de edad, mientras los agresores lograron huir de la zona.<\/p>\n\n\n\n<p>Posteriormente arribaron elementos policiacos pero \u00fanicamente hallaron la unidad de motor, un coche tipo Tsuru, marca Nissan, color rojo, con varios impactos de arma de fuego; en el interior hab\u00eda dos cuerpos y en el exterior otro m\u00e1s.<\/p>\n\n\n\n<p>Personal de la Vicefiscal\u00eda Regional de la Mixteca arrib\u00f3 de inmediato al lugar para iniciar con las indagatorias correspondientes.<\/p>\n\n\n\n<p>Cabe mencionar que horas antes, tambi\u00e9n en la misma regi\u00f3n pero en el tramo carretero Huajuapan-Tamazul\u00e1pam del Progreso, fueron asesinados a balazos dos hombres y una mujer, en el interior de un veh\u00edculo.<\/p>\n\n\n\n<p>Tras una persecuci\u00f3n, los presuntos agresores fueron detenidos por elementos de la Polic\u00eda Estatal y puestos a disposici\u00f3n del Ministerio P\u00fablico.<\/p>\n","protected":false},"excerpt":{"rendered":"<p>Redacci\u00f3n\/Zona Roja. Oaxaca de Ju\u00e1rez, Oax., a 26 de junio de 2024.- Tres j\u00f3venes fueron&hellip;<\/p>\n","protected":false},"author":2,"featured_media":69717,"comment_status":"closed","ping_status":"open","sticky":false,"template":"","format":"standard","meta":{"_lmt_disableupdate":"","_lmt_disable":"","_jetpack_memberships_contains_paid_content":false,"footnotes":""},"categories":[109,51],"tags":[1768],"class_list":["post-69811","post","type-post","status-publish","format-standard","has-post-thumbnail","hentry","category-minuto-a-minuto","category-zona-roja","tag-san-juan-mixtepec"],"jetpack_featured_media_url":"https:\/\/zonaroja.com.mx\/wp-content\/uploads\/2024\/06\/Escena-del-crimen-asesinato.jpeg","jetpack_sharing_enabled":true,"_links":{"self":[{"href":"https:\/\/zonaroja.com.mx\/index.php?rest_route=\/wp\/v2\/posts\/69811","targetHints":{"allow":["GET"]}}],"collection":[{"href":"https:\/\/zonaroja.com.mx\/index.php?rest_route=\/wp\/v2\/posts"}],"about":[{"href":"https:\/\/zonaroja.com.mx\/index.php?rest_route=\/wp\/v2\/types\/post"}],"author":[{"embeddable":true,"href":"https:\/\/zonaroja.com.mx\/index.php?rest_route=\/wp\/v2\/users\/2"}],"replies":[{"embeddable":true,"href":"https:\/\/zonaroja.com.mx\/index.php?rest_route=%2Fwp%2Fv2%2Fcomments&post=69811"}],"version-history":[{"count":1,"href":"https:\/\/zonaroja.com.mx\/index.php?rest_route=\/wp\/v2\/posts\/69811\/revisions"}],"predecessor-version":[{"id":69812,"href":"https:\/\/zonaroja.com.mx\/index.php?rest_route=\/wp\/v2\/posts\/69811\/revisions\/69812"}],"wp:featuredmedia":[{"embeddable":true,"href":"https:\/\/zonaroja.com.mx\/index.php?rest_route=\/wp\/v2\/media\/69717"}],"wp:attachment":[{"href":"https:\/\/zonaroja.com.mx\/index.php?rest_route=%2Fwp%2Fv2%2Fmedia&parent=69811"}],"wp:term":[{"taxonomy":"category","embeddable":true,"href":"https:\/\/zonaroja.com.mx\/index.php?rest_route=%2Fwp%2Fv2%2Fcategories&post=69811"},{"taxonomy":"post_tag","embeddable":true,"href":"https:\/\/zonaroja.com.mx\/index.php?rest_route=%2Fwp%2Fv2%2Ftags&post=69811"}],"curies":[{"name":"wp","href":"https:\/\/api.w.org\/{rel}","templated":true}]}}