{"id":69813,"date":"2024-06-26T19:11:52","date_gmt":"2024-06-27T01:11:52","guid":{"rendered":"https:\/\/zonaroja.com.mx\/?p=69813"},"modified":"2024-06-26T19:11:54","modified_gmt":"2024-06-27T01:11:54","slug":"policia-estatal-detiene-a-4-personas-acusadas-de-triple-asesinato-en-la-mixteca","status":"publish","type":"post","link":"https:\/\/zonaroja.com.mx\/?p=69813","title":{"rendered":"Polic\u00eda Estatal detiene a 4 personas acusadas de triple asesinato en la Mixteca"},"content":{"rendered":"\n<p>Ismael Garc\u00eda M.\/Zona Roja.<\/p>\n\n\n\n<p>Oaxaca de Ju\u00e1rez, Oax., a 26 de junio de 2024.- Una persona originaria de Baja California y tres m\u00e1s de Veracruz, fueron detenidas como probables responsables de un triple asesinato ocurrido ayer en la regi\u00f3n Mixteca.<\/p>\n\n\n\n<p>Se trata de Jorge \u201cN\u201d, de 35 a\u00f1os de edad; David \u201cN\u201d, de 26 a\u00f1os; Leonel \u201cN\u201d, de 21 a\u00f1os, y Jorge \u201cN\u201d, de 25 a\u00f1os, quienes ten\u00edan dos armas largas AR-15, tres armas cortas, cartuchos y municiones.<\/p>\n\n\n\n<p>As\u00ed lo confirm\u00f3 el secretario de Seguridad y Protecci\u00f3n Ciudadana de Oaxaca, Iv\u00e1n Garc\u00eda \u00c1lvarez, durante la conferencia de prensa efectuada este mi\u00e9rcoles en el Palacio de Gobierno, en la capital.<\/p>\n\n\n\n<p>Los hechos sucedieron ayer por la tarde en la carretera federal 190 Huajuapan de Le\u00f3n-Oaxaca, a la altura del kil\u00f3metro 25, paraje conocido como \u201cCurvas del mono\u201d.<\/p>\n\n\n\n<p>El grupo armado atac\u00f3 a los ocupantes de un coche marca Volkswagen, tipo Golf, color gris con placas de circulaci\u00f3n de la Ciudad de M\u00e9xico, por lo cual una mujer y dos varones perdieron la vida; s\u00f3lo uno ha sido identificado como David \u201cN\u201d, originario de Veracruz.<\/p>\n\n\n\n<p>Indic\u00f3 que debido a que la camioneta color negra, marca Jeep, tipo Grand Cheroke, en que viajaban los atacantes, se averi\u00f3, amagaron a un taxista y lo despojaron de su unidad, para huir rumbo a Huajuapan.<\/p>\n\n\n\n<p>Sin embargo tras las llamadas de auxilio, se activ\u00f3 un operativo con elementos de la polic\u00eda municipal y de la Polic\u00eda Estatal, que logr\u00f3 alcanzar y detener a los presuntos homicidas, para luego ponerlos a disposici\u00f3n del Ministerio P\u00fablico.<\/p>\n","protected":false},"excerpt":{"rendered":"<p>Ismael Garc\u00eda M.\/Zona Roja. Oaxaca de Ju\u00e1rez, Oax., a 26 de junio de 2024.- Una&hellip;<\/p>\n","protected":false},"author":2,"featured_media":69795,"comment_status":"closed","ping_status":"open","sticky":false,"template":"","format":"standard","meta":{"_lmt_disableupdate":"","_lmt_disable":"","_jetpack_memberships_contains_paid_content":false,"footnotes":""},"categories":[109,46],"tags":[820],"class_list":["post-69813","post","type-post","status-publish","format-standard","has-post-thumbnail","hentry","category-minuto-a-minuto","category-zona-blanca","tag-secretaria-de-seguridad-y-proteccion-ciudadana"],"jetpack_featured_media_url":"https:\/\/zonaroja.com.mx\/wp-content\/uploads\/2024\/06\/Tres-personas-asesinadas-carretera-a-Huajuapan.jpg","jetpack_sharing_enabled":true,"_links":{"self":[{"href":"https:\/\/zonaroja.com.mx\/index.php?rest_route=\/wp\/v2\/posts\/69813","targetHints":{"allow":["GET"]}}],"collection":[{"href":"https:\/\/zonaroja.com.mx\/index.php?rest_route=\/wp\/v2\/posts"}],"about":[{"href":"https:\/\/zonaroja.com.mx\/index.php?rest_route=\/wp\/v2\/types\/post"}],"author":[{"embeddable":true,"href":"https:\/\/zonaroja.com.mx\/index.php?rest_route=\/wp\/v2\/users\/2"}],"replies":[{"embeddable":true,"href":"https:\/\/zonaroja.com.mx\/index.php?rest_route=%2Fwp%2Fv2%2Fcomments&post=69813"}],"version-history":[{"count":1,"href":"https:\/\/zonaroja.com.mx\/index.php?rest_route=\/wp\/v2\/posts\/69813\/revisions"}],"predecessor-version":[{"id":69814,"href":"https:\/\/zonaroja.com.mx\/index.php?rest_route=\/wp\/v2\/posts\/69813\/revisions\/69814"}],"wp:featuredmedia":[{"embeddable":true,"href":"https:\/\/zonaroja.com.mx\/index.php?rest_route=\/wp\/v2\/media\/69795"}],"wp:attachment":[{"href":"https:\/\/zonaroja.com.mx\/index.php?rest_route=%2Fwp%2Fv2%2Fmedia&parent=69813"}],"wp:term":[{"taxonomy":"category","embeddable":true,"href":"https:\/\/zonaroja.com.mx\/index.php?rest_route=%2Fwp%2Fv2%2Fcategories&post=69813"},{"taxonomy":"post_tag","embeddable":true,"href":"https:\/\/zonaroja.com.mx\/index.php?rest_route=%2Fwp%2Fv2%2Ftags&post=69813"}],"curies":[{"name":"wp","href":"https:\/\/api.w.org\/{rel}","templated":true}]}}