{"id":69815,"date":"2024-06-26T20:51:30","date_gmt":"2024-06-27T02:51:30","guid":{"rendered":"https:\/\/zonaroja.com.mx\/?p=69815"},"modified":"2024-06-26T20:51:32","modified_gmt":"2024-06-27T02:51:32","slug":"opinion-la-columna-rota-karina-nuestra-nina-mixe-ocho-anos-sin-justicia","status":"publish","type":"post","link":"https:\/\/zonaroja.com.mx\/?p=69815","title":{"rendered":"Opini\u00f3n. La columna rota: Karina\u00a0nuestra ni\u00f1a mixe:\u00a0ocho a\u00f1os sin justicia"},"content":{"rendered":"\n<p>Ver\u00f3nica Villalvazo (Frida Guerrera)*<\/p>\n\n\n\n<p>Karina naci\u00f3 el 4 de mayo de 2003, en Candelaria, una localidad enca\u00f1ada en el municipio de Santiago Zacatepec, Mixe.&nbsp;<\/p>\n\n\n\n<p>Elsa y su esposo,&nbsp;padres de Karina, se dedicaban a la agricultura para autoconsumo en su comunidad; sin embargo, un familiar le hizo saber al padre de Karina que era mejor estar en la ciudad de Oaxaca, ya que hab\u00eda m\u00e1s oportunidad para mejorar; fue entonces que decidieron tomar a sus tres hijos y emigrar.<\/p>\n\n\n\n<p>Elsa, de 35 a\u00f1os, lleg\u00f3&nbsp;a la capital en 2011; en ese entonces Karina ten\u00eda ocho a\u00f1os. Elsa relata que al principio viv\u00edan en una casa prestada por una se\u00f1ora que la ayud\u00f3, y entonces empez\u00f3 a lavar ropa ajena, su esposo falleci\u00f3 poco despu\u00e9s,&nbsp;\u201c\u00e9l tomaba mucho y adem\u00e1s estaba enfermo y se muri\u00f3\u201d.<\/p>\n\n\n\n<p>Elsa se vio en la necesidad de trabajar doble para poder mantener a sus hijos; el dinero no alcanzaba; en la misma casa que les prestaron hab\u00eda un restaurante, la se\u00f1ora Carmen, due\u00f1a del lugar, le pidi\u00f3 a Elsa que&nbsp;Karina&nbsp;trabajara&nbsp;con ella para ayudarle. &nbsp;<\/p>\n\n\n\n<p>La ni\u00f1a de 13 a\u00f1os comenz\u00f3 a trabajar, lavando trastes, barriendo, sirviendo mesas; \u201cla patrona\u201d dejaba que la ni\u00f1a durmiera ah\u00ed mismo. Elsa dej\u00f3 el lugar porque volvi\u00f3 a casarse; tiempo despu\u00e9s, Karina regres\u00f3&nbsp;a vivir con su mam\u00e1, aunque segu\u00eda trabajando con la se\u00f1ora Carmen.<\/p>\n\n\n\n<p>El 5 de abril de 2016, Karina desapareci\u00f3 del restaurante; nadie sab\u00eda, ni vio nada, ni \u201cla patrona\u201d.&nbsp;<\/p>\n\n\n\n<p>Elsa fue a buscarla, pregunt\u00f3 por ella y solamente le dec\u00edan que pusiera una denuncia por desaparici\u00f3n, pero nadie le indicaba d\u00f3nde; la madre ni siquiera sabe leer, mucho menos tomar el cami\u00f3n que la llevar\u00e1 al lugar indicado para interponer su denuncia.<\/p>\n\n\n\n<p>Pasaron los d\u00edas y la angustia de Elsa crec\u00eda, pero, a la vez, pensaba que Karina regresar\u00eda.&nbsp;<\/p>\n\n\n\n<p>El 6 de abril de ese mismo a\u00f1o, al siguiente d\u00eda de su desaparici\u00f3n, en medios locales en Puebla, daban cuenta del hallazgo de una mujer asesinada sobre el kil\u00f3metro 66+500 de la autopista M\u00e9xico, Puebla, a la altura del paraje \u201cEl Pipir\u00edn\u201d, en Santa Rita Tlahuapan.&nbsp;<\/p>\n\n\n\n<p>Muchos de los medios manejaron que la edad de la mujer oscilaba entre 25 a 28 a\u00f1os, \u201cque tal vez era una prostituta\u201d porque esa zona era conocida por eso, informaci\u00f3n que les fue otorgada por las insensibles autoridades. &nbsp;<\/p>\n\n\n\n<p>El cuerpo de la mujer fue inhumado el 9 de abril y depositado en una fosa com\u00fan, en calidad de no identificada; la desconocida seis para las autoridades poblanas, el feminicidio 25 en Puebla, el feminicidio 302 de 2016, de nuestra documentaci\u00f3n diaria.&nbsp;<\/p>\n\n\n\n<p>Blusa negra sin mangas y con encaje rojo en el cuello, brasier morado, pantal\u00f3n de mezclilla color gris, calz\u00f3n azul rey y sandalias rosas; estrangulada, violada y dejada en una cobija azul, no hab\u00eda m\u00e1s registro de esta mujer.<\/p>\n\n\n\n<p>Fue el 28 de abril, que una vecina de Elsa a la que no le pas\u00f3 desapercibida la ausencia de la ni\u00f1a, acompa\u00f1\u00f3 y gui\u00f3 a Elsa para poner la denuncia por la desaparici\u00f3n de la inocente (quien se mantiene cercana a Elsa, hasta el d\u00eda de hoy).<\/p>\n\n\n\n<p>Elsa todav\u00eda pensaba que Karina se hab\u00eda ido tal vez a trabajar, y que en alg\u00fan momento volver\u00eda. &nbsp;<\/p>\n\n\n\n<p>A finales de junio de ese mismo a\u00f1o el colaborador cotejaba los volantes de b\u00fasqueda de mujeres desaparecidas y las no identificadas de feminicidios, nos percatamos de que Karina Reyes Crescencio en su volante de b\u00fasqueda se\u00f1alaba la misma ropa que la mujer localizada en Puebla.<\/p>\n\n\n\n<p>Me comuniqu\u00e9 de inmediato con las autoridades oaxaque\u00f1as para hacerles saber que Karina era la mujer localizada en Puebla, a quienes se\u00f1alaron como prostituta las mismas autoridades y con una edad de 28 a\u00f1os.&nbsp;<\/p>\n\n\n\n<p>En esos mismos d\u00edas buscaron a Elsa para notificarle que hab\u00eda una persona que tal vez era su hija; emocionada, como ya lo relatamos en la segunda columna que hemos escrito sobre el caso de Karina y la indiferencia de autoridades y sociedad.&nbsp;<\/p>\n\n\n\n<p>Elsa estaba embarazada, acudi\u00f3 a la Fiscal\u00eda \u00fanicamente para que le mostraran las fotos del hallazgo del cuerpo, la joven madre la vio, ah\u00ed como la dejaron, \u201cviolada, estrangulada, tirada como un perro\u201d. Olvidada y revictimizada por las autoridades poblanas.&nbsp;<\/p>\n\n\n\n<p>A Elsa, a\u00fan embarazada, la llevaron al lugar donde desecharon a su peque\u00f1a, cuando en aquel momento platique con ella, en compa\u00f1\u00eda de un traductor, nos coment\u00f3. \u201cPara qu\u00e9 me llevaron donde me tiraron a mi hija, yo lo \u00fanico que quiero es que la&nbsp;regresen para llevarla a mi pueblo\u201d.<\/p>\n\n\n\n<p>Eso hicimos, casi ocho meses despu\u00e9s, el 9 de noviembre de 2016, Karina regres\u00f3 a esa comunidad de la que nunca debi\u00f3 salir, ese lugar lleno de nubes, de \u00e1rboles, de agua.&nbsp;<\/p>\n\n\n\n<p>De gente buena; Karina pens\u00f3 que su asesino era bueno, un miserable e impune sujeto que hasta el d\u00eda de hoy sigue libre.&nbsp;<\/p>\n\n\n\n<p>Han pasado ocho a\u00f1os del feminicidio de Karina, durante 2 a\u00f1os las insensibles e indiferentes autoridades de ambas entidades, buscaban definir a qui\u00e9n le correspond\u00eda llevar la \u201cinvestigaci\u00f3n\u201d de un delito que no puede ser determinado, porque por oficio se debe agotar todo para que la justicia llegue.<\/p>\n\n\n\n<p>La&nbsp;carpeta de averiguaci\u00f3n previa (se manej\u00f3 con el&nbsp;viejo sistema judicial)&nbsp;de Karina, desde el a\u00f1o pasado, fue remitida por la Fiscal\u00eda Especializada para la Atenci\u00f3n a Delitos Contra la Mujer por Raz\u00f3n de G\u00e9nero, encabezada por la licenciada Margarita Guzm\u00e1n Corsi, junto con la licenciada Luz Gabriela Herrera Pacheco, encargada de la Fiscal\u00eda para la Atenci\u00f3n e Investigaci\u00f3n de Feminicidios, enviaron la carpeta de investigaci\u00f3n a la coordinaci\u00f3n de rezago de Valles Centrales, a cargo del licenciado Juan Carlos Santiago Escamilla.<\/p>\n\n\n\n<p>Intent\u00e9 comunicarme a dicha coordinaci\u00f3n sin&nbsp;lograr entablar alg\u00fan contacto, para saber qu\u00e9 implica que la investigaci\u00f3n&nbsp;se encuentre&nbsp;en esa \u00e1rea perteneciente a la Viscefiscal\u00eda de Oaxaca.&nbsp;<\/p>\n\n\n\n<p>Todo parece indicar que lo que pretenden es dejarla ah\u00ed, sin justicia, olvidada, como pretendieron hacerlo cuando fue localizada, asesinada, apostando al olvido&nbsp;(ojal\u00e1 me equivoque).<\/p>\n\n\n\n<p>Nuevamente, preguntamos, como lo hemos cuestionado todos estos a\u00f1os. \u00bfPor qu\u00e9?, \u00bfPor ser ind\u00edgena?, \u00bfPorque&nbsp;saben que su madre ocupada en el sobrevivir a diario con el resto de sus hijos no sabe c\u00f3mo exigir justicia?, \u00bfPor ser una m\u00e1s? \u00bfPorque pensaron que al arrojarla a una fosa com\u00fan nadie la buscar\u00eda?<\/p>\n\n\n\n<p>Al fiscal general del Estado de Oaxaca, licenciado Jos\u00e9 Bernardo Rodr\u00edguez Alamilla no le interesa hacerle justicia a las oaxaque\u00f1as, han pasado tres fiscales en estos ocho a\u00f1os.&nbsp;<\/p>\n\n\n\n<p>A ninguno de ellos les ha importado darle justicia a esta peque\u00f1a, que no busc\u00f3 ser violada y asesinada. Tienen informaci\u00f3n de qui\u00e9n es el asesino, en su momento lo denunciamos.&nbsp;<\/p>\n\n\n\n<p>Mariano, el asesino de Karina, sigue libre, y, qui\u00e9n sabe si ya asesin\u00f3 a otra u otras, y tal vez un d\u00eda que vuelva a cometer algunos de sus cr\u00edmenes,&nbsp;descubran que es el mismo, lamenten no haber llevado a la justicia a este miserable y mezquino ser.&nbsp;<\/p>\n\n\n\n<p>Para ellos, Karina es un&nbsp;archivo&nbsp;m\u00e1s que se qued\u00f3 rezagado&nbsp;en la indiferencia institucional, para los medios que en su momento dieron cobertura, primero del hallazgo del cuerpo, algunos retomaron la informaci\u00f3n de la primera columna que redactamos del caso de nuestra ni\u00f1a mixe, el 13 de julio de 2016, otros m\u00e1s retomaron lo redactado el 8 de noviembre de 2016, cuando Karina fue devuelta a su mam\u00e1. Pero m\u00e1s nadie ha vuelto a preguntar, s\u00ed, ya se le hizo justicia, a nuestra ni\u00f1a mixe.<\/p>\n\n\n\n<p>El restaurante de donde se la llev\u00f3 Mariano ya no existe, Elsa sigue sobreviviendo en Oaxaca junto con sus hijos, esperando tal vez,&nbsp;que un d\u00eda le hagan saber que la justicia lleg\u00f3 para su peque\u00f1a.&nbsp;<\/p>\n\n\n\n<p>Platicando con Irene, la amiga, apoyo y vecina de Elsa, que desde el primer momento ha estado con ella, nos comenta que hace algunos meses les \u201cdieron avances\u201d, que les vislumbraron, que pronto dar\u00edan con el responsable del crimen de Karina, hasta ahora seguimos esperando.&nbsp;<\/p>\n\n\n\n<p>Y no dejaremos de exigir que la justicia llegue&nbsp;para Karina, porque tal vez nos importa a cuatro personas, pero nos importa y no daremos marcha atr\u00e1s en esta exigencia de justicia, verdad y reparaci\u00f3n para Karina y su mam\u00e1.<\/p>\n\n\n\n<p>P.D. A diferencia de las historias que contamos en este espacio; estas columnas donde hablamos de estos ni\u00f1os y ni\u00f1as son investigaciones y seguimientos que desde Frida Guerrera llevamos a cabo, la intenci\u00f3n siempre es buscar justicia, no publicamos sus rostros para que sean usados para revictimizarles, lo hacemos con todo el amor y respeto con el que siempre hemos elaborado nuestras redacciones.<\/p>\n\n\n\n<p>*Comunicadora y activista.<\/p>\n\n\n\n<p>@FridaGuerrera<\/p>\n\n\n\n<p>@vocesDLAusencia<\/p>\n","protected":false},"excerpt":{"rendered":"<p>Ver\u00f3nica Villalvazo (Frida Guerrera)* Karina naci\u00f3 el 4 de mayo de 2003, en Candelaria, una&hellip;<\/p>\n","protected":false},"author":2,"featured_media":69816,"comment_status":"closed","ping_status":"open","sticky":false,"template":"","format":"standard","meta":{"_lmt_disableupdate":"","_lmt_disable":"","_jetpack_memberships_contains_paid_content":false,"footnotes":""},"categories":[456,109],"tags":[946],"class_list":["post-69815","post","type-post","status-publish","format-standard","has-post-thumbnail","hentry","category-columna","category-minuto-a-minuto","tag-frida-guerrera"],"jetpack_featured_media_url":"https:\/\/zonaroja.com.mx\/wp-content\/uploads\/2024\/06\/Frida-Guerrera-Veronica-Villalvazo.jpg","jetpack_sharing_enabled":true,"_links":{"self":[{"href":"https:\/\/zonaroja.com.mx\/index.php?rest_route=\/wp\/v2\/posts\/69815","targetHints":{"allow":["GET"]}}],"collection":[{"href":"https:\/\/zonaroja.com.mx\/index.php?rest_route=\/wp\/v2\/posts"}],"about":[{"href":"https:\/\/zonaroja.com.mx\/index.php?rest_route=\/wp\/v2\/types\/post"}],"author":[{"embeddable":true,"href":"https:\/\/zonaroja.com.mx\/index.php?rest_route=\/wp\/v2\/users\/2"}],"replies":[{"embeddable":true,"href":"https:\/\/zonaroja.com.mx\/index.php?rest_route=%2Fwp%2Fv2%2Fcomments&post=69815"}],"version-history":[{"count":1,"href":"https:\/\/zonaroja.com.mx\/index.php?rest_route=\/wp\/v2\/posts\/69815\/revisions"}],"predecessor-version":[{"id":69817,"href":"https:\/\/zonaroja.com.mx\/index.php?rest_route=\/wp\/v2\/posts\/69815\/revisions\/69817"}],"wp:featuredmedia":[{"embeddable":true,"href":"https:\/\/zonaroja.com.mx\/index.php?rest_route=\/wp\/v2\/media\/69816"}],"wp:attachment":[{"href":"https:\/\/zonaroja.com.mx\/index.php?rest_route=%2Fwp%2Fv2%2Fmedia&parent=69815"}],"wp:term":[{"taxonomy":"category","embeddable":true,"href":"https:\/\/zonaroja.com.mx\/index.php?rest_route=%2Fwp%2Fv2%2Fcategories&post=69815"},{"taxonomy":"post_tag","embeddable":true,"href":"https:\/\/zonaroja.com.mx\/index.php?rest_route=%2Fwp%2Fv2%2Ftags&post=69815"}],"curies":[{"name":"wp","href":"https:\/\/api.w.org\/{rel}","templated":true}]}}