{"id":69822,"date":"2024-06-27T06:49:34","date_gmt":"2024-06-27T12:49:34","guid":{"rendered":"https:\/\/zonaroja.com.mx\/?p=69822"},"modified":"2024-06-27T06:49:36","modified_gmt":"2024-06-27T12:49:36","slug":"intento-de-golpe-de-estado-en-bolivia-para-ayudar-al-presidente","status":"publish","type":"post","link":"https:\/\/zonaroja.com.mx\/?p=69822","title":{"rendered":"Intento de Golpe de Estado en Bolivia, \u00bfpara ayudar al presidente?"},"content":{"rendered":"\n<p>Redacci\u00f3n\/Zona Roja Cdmx.<\/p>\n\n\n\n<p>Ciudad de M\u00e9xico, a 27 de junio de 2024.- Bolivia se vio sacudida ayer por una masiva movilizaci\u00f3n militar frente al palacio de gobierno, en la emblem\u00e1tica Plaza Murillo, en lo que las autoridades describieron como un intento de golpe de Estado, que mantuvo en vilo al pa\u00eds por varias horas hasta que el general presuntamente detr\u00e1s del despliegue del ej\u00e9rcito fue detenido.<\/p>\n\n\n\n<p>El presidente, Luis Arce, llam\u00f3 al pueblo a movilizarse contra el operativo y design\u00f3 una nueva c\u00fapula militar, que orden\u00f3 la retirada de las tropas y relev\u00f3 al comandante general del ej\u00e9rcito, Juan Jos\u00e9 Z\u00fa\u00f1iga, protagonista de la asonada.<\/p>\n\n\n\n<p>\u201cNo podemos permitir que una vez m\u00e1s intentonas golpistas se lleven las vidas de bolivianos\u201d, enfatiz\u00f3 Arce en un mensaje nacional difundido en televisi\u00f3n.<\/p>\n\n\n\n<p>Tras el relevo en el mando militar, los uniformados y los veh\u00edculos militares desplegados en la plaza frente a la sede gubernamental se retiraron del lugar. Tambi\u00e9n lo hizo Z\u00fa\u00f1iga, quien luego fue detenido tras horas de tensi\u00f3n en el pa\u00eds.<\/p>\n\n\n\n<p>\u201cHoy ha sido una jornada at\u00edpica en la vida de un pa\u00eds que quiere democracia\u201d, declar\u00f3 Arce tras el inicio de la retirada militar. Y se refiri\u00f3 a \u201cun intento de golpe de Estado por militares que est\u00e1n manchando el uniforme, que est\u00e1n atentando contra nuestra Constituci\u00f3n.<\/p>\n\n\n\n<p>\u201cDeploramos actitudes de malos militares que lamentablemente repiten la historia tratando de hacer un golpe de Estado cuando el pueblo boliviano siempre ha sido un pueblo democr\u00e1tico\u201d, recalc\u00f3. Poco despu\u00e9s, salud\u00f3 desde el palacio de gobierno rodeado de sus ministros y agradeci\u00f3 a una multitud de bolivianos que llegaron a la plaza.<\/p>\n\n\n\n<p>Fracasada la sublevaci\u00f3n, Arce poste\u00f3 en X: \u201cSaludamos y expresamos nuestro m\u00e1s sincero agradecimiento a nuestras organizaciones sociales y a todo el pueblo boliviano, que salieron a las calles y se expresaron a trav\u00e9s de distintos medios de comunicaci\u00f3n, manifestando su rechazo a la intentona golpista\u2026 \u00a1La democracia siempre vencer\u00e1! \u00a1Muchas gracias, pueblo boliviano!\u201d<\/p>\n\n\n\n<p>Horas despu\u00e9s, el destituido general Z\u00fa\u00f1iga fue arrestado por la polic\u00eda tras una orden de la Fiscal\u00eda General bajo cargos de terrorismo y alzamiento armado. El vicealmirante Juan Arnez Salvador tambi\u00e9n fue detenido.<\/p>\n\n\n\n<p>El viceministro de R\u00e9gimen Interior, Jhonny Aguilera, inform\u00f3 a periodistas antes de la aprehensi\u00f3n que el militar \u201cha liderado una asonada criminal que ha puesto en vilo al pa\u00eds. El Ministerio P\u00fablico ya ha dispuesto una investigaci\u00f3n\u201d.<\/p>\n\n\n\n<p>Antes de ser detenido y en un breve di\u00e1logo con periodistas, Z\u00fa\u00f1iga dijo que Arce le pidi\u00f3 que movilizara las tropas para hacer subir su imagen. \u201cEl presidente me dijo \u2018la situaci\u00f3n est\u00e1 muy jodida, muy cr\u00edtica, es necesario preparar algo para levantar mi popularidad\u2019. \u00bfSacamos los blindados?\u201d, dijo que le pregunt\u00f3 a Arce y el mandatario, seg\u00fan el militar, le respondi\u00f3: \u201csac\u00e1\u201d.<\/p>\n\n\n\n<p>(Informaci\u00f3n de agencias en \u201cLa Jornada\u201d)<\/p>\n","protected":false},"excerpt":{"rendered":"<p>Redacci\u00f3n\/Zona Roja Cdmx. Ciudad de M\u00e9xico, a 27 de junio de 2024.- Bolivia se vio&hellip;<\/p>\n","protected":false},"author":2,"featured_media":69823,"comment_status":"closed","ping_status":"open","sticky":false,"template":"","format":"standard","meta":{"_lmt_disableupdate":"","_lmt_disable":"","_jetpack_memberships_contains_paid_content":false,"footnotes":""},"categories":[109,47],"tags":[3982],"class_list":["post-69822","post","type-post","status-publish","format-standard","has-post-thumbnail","hentry","category-minuto-a-minuto","category-zona-gris","tag-golpe-de-estado-bolivia"],"jetpack_featured_media_url":"https:\/\/zonaroja.com.mx\/wp-content\/uploads\/2024\/06\/Golpe-de-Estado-Bolivia.jpeg","jetpack_sharing_enabled":true,"_links":{"self":[{"href":"https:\/\/zonaroja.com.mx\/index.php?rest_route=\/wp\/v2\/posts\/69822","targetHints":{"allow":["GET"]}}],"collection":[{"href":"https:\/\/zonaroja.com.mx\/index.php?rest_route=\/wp\/v2\/posts"}],"about":[{"href":"https:\/\/zonaroja.com.mx\/index.php?rest_route=\/wp\/v2\/types\/post"}],"author":[{"embeddable":true,"href":"https:\/\/zonaroja.com.mx\/index.php?rest_route=\/wp\/v2\/users\/2"}],"replies":[{"embeddable":true,"href":"https:\/\/zonaroja.com.mx\/index.php?rest_route=%2Fwp%2Fv2%2Fcomments&post=69822"}],"version-history":[{"count":1,"href":"https:\/\/zonaroja.com.mx\/index.php?rest_route=\/wp\/v2\/posts\/69822\/revisions"}],"predecessor-version":[{"id":69824,"href":"https:\/\/zonaroja.com.mx\/index.php?rest_route=\/wp\/v2\/posts\/69822\/revisions\/69824"}],"wp:featuredmedia":[{"embeddable":true,"href":"https:\/\/zonaroja.com.mx\/index.php?rest_route=\/wp\/v2\/media\/69823"}],"wp:attachment":[{"href":"https:\/\/zonaroja.com.mx\/index.php?rest_route=%2Fwp%2Fv2%2Fmedia&parent=69822"}],"wp:term":[{"taxonomy":"category","embeddable":true,"href":"https:\/\/zonaroja.com.mx\/index.php?rest_route=%2Fwp%2Fv2%2Fcategories&post=69822"},{"taxonomy":"post_tag","embeddable":true,"href":"https:\/\/zonaroja.com.mx\/index.php?rest_route=%2Fwp%2Fv2%2Ftags&post=69822"}],"curies":[{"name":"wp","href":"https:\/\/api.w.org\/{rel}","templated":true}]}}