{"id":69825,"date":"2024-06-27T10:30:00","date_gmt":"2024-06-27T16:30:00","guid":{"rendered":"https:\/\/zonaroja.com.mx\/?p=69825"},"modified":"2024-06-27T06:53:17","modified_gmt":"2024-06-27T12:53:17","slug":"vive-el-poder-judicial-momentos-llenos-de-incertidumbre-norma-pina","status":"publish","type":"post","link":"https:\/\/zonaroja.com.mx\/?p=69825","title":{"rendered":"Vive el Poder Judicial \u201cmomentos llenos de incertidumbre\u201d: Norma Pi\u00f1a"},"content":{"rendered":"\n<p>Redacci\u00f3n\/Zona Roja Cdmx.<\/p>\n\n\n\n<p>Ciudad de M\u00e9xico, a 27 de junio de 2024.-&nbsp; La ministra presidenta de la Suprema Corte de Justicia de la Naci\u00f3n (SCJN), Norma Pi\u00f1a, asegur\u00f3 la defensa de los trabajadores del Poder Judicial de la Federaci\u00f3n ante la eventual reforma del presidente Andr\u00e9s Manuel L\u00f3pez Obrador.<\/p>\n\n\n\n<p>Mediante un video reconoci\u00f3 a los trabajadores como el sustento y motor del Poder Judicial de la Federaci\u00f3n.<\/p>\n\n\n\n<p>\u201cEstamos trabajando incansablemente, estamos dialogando con todas las instancias posibles para garantizar la defensa de sus derechos laborales\u201d, sentenci\u00f3.<\/p>\n\n\n\n<p>Pi\u00f1a Hern\u00e1ndez reconoci\u00f3 que \u201cvivimos momentos llenos de incertidumbre\u201d, ante los cuales \u201cdebemos demostrar que trabajamos por M\u00e9xico\u201d.<\/p>\n\n\n\n<p>\u201cEs fundamental que no perdamos el foco de nuestra misi\u00f3n constitucional: hacer valer los derechos de las y los mexicanos, y el equilibrio de poderes\u201d, dijo.<\/p>\n\n\n\n<p>La titular de la Suprema Corte asegur\u00f3 a los trabajadores del Poder Judicial que los mantendr\u00e1 informados sobre la situaci\u00f3n.<\/p>\n\n\n\n<p>El pronunciamiento de la ministra presidenta ocurre despu\u00e9s de que la virtual presidenta electa, Claudia Sheinbaum, asegurara que la reforma al Poder Judicial mantendr\u00e1 intactos los derechos de los trabajadores.<\/p>\n\n\n\n<p>\u201cTengan tranquilidad. La reforma judicial que se present\u00f3 no implica de ninguna manera afectar los derechos laborales de los trabajadores y trabajadoras del Poder Judicial\u201d, dijo en conferencia de prensa.<\/p>\n\n\n\n<p>Reiter\u00f3 que la reforma estar\u00e1 enfocada en jueces, magistrados y ministros, sin afectar a los trabajadores, a quienes pidi\u00f3 participar en el Parlamento Abierto sobre el tema.<\/p>\n\n\n\n<p>(Con informaci\u00f3n de L\u00f3pez-D\u00f3riga Digital)<\/p>\n","protected":false},"excerpt":{"rendered":"<p>Redacci\u00f3n\/Zona Roja Cdmx. Ciudad de M\u00e9xico, a 27 de junio de 2024.-&nbsp; La ministra presidenta&hellip;<\/p>\n","protected":false},"author":2,"featured_media":69826,"comment_status":"closed","ping_status":"open","sticky":false,"template":"","format":"standard","meta":{"_lmt_disableupdate":"","_lmt_disable":"","_jetpack_memberships_contains_paid_content":false,"footnotes":""},"categories":[109,47],"tags":[2878],"class_list":["post-69825","post","type-post","status-publish","format-standard","has-post-thumbnail","hentry","category-minuto-a-minuto","category-zona-gris","tag-suprema-corte-de-justicia-de-la-nacion-scjn"],"jetpack_featured_media_url":"https:\/\/zonaroja.com.mx\/wp-content\/uploads\/2024\/06\/Norma-Pina-Poder-Judicial.jpg.webp","jetpack_sharing_enabled":true,"_links":{"self":[{"href":"https:\/\/zonaroja.com.mx\/index.php?rest_route=\/wp\/v2\/posts\/69825","targetHints":{"allow":["GET"]}}],"collection":[{"href":"https:\/\/zonaroja.com.mx\/index.php?rest_route=\/wp\/v2\/posts"}],"about":[{"href":"https:\/\/zonaroja.com.mx\/index.php?rest_route=\/wp\/v2\/types\/post"}],"author":[{"embeddable":true,"href":"https:\/\/zonaroja.com.mx\/index.php?rest_route=\/wp\/v2\/users\/2"}],"replies":[{"embeddable":true,"href":"https:\/\/zonaroja.com.mx\/index.php?rest_route=%2Fwp%2Fv2%2Fcomments&post=69825"}],"version-history":[{"count":1,"href":"https:\/\/zonaroja.com.mx\/index.php?rest_route=\/wp\/v2\/posts\/69825\/revisions"}],"predecessor-version":[{"id":69827,"href":"https:\/\/zonaroja.com.mx\/index.php?rest_route=\/wp\/v2\/posts\/69825\/revisions\/69827"}],"wp:featuredmedia":[{"embeddable":true,"href":"https:\/\/zonaroja.com.mx\/index.php?rest_route=\/wp\/v2\/media\/69826"}],"wp:attachment":[{"href":"https:\/\/zonaroja.com.mx\/index.php?rest_route=%2Fwp%2Fv2%2Fmedia&parent=69825"}],"wp:term":[{"taxonomy":"category","embeddable":true,"href":"https:\/\/zonaroja.com.mx\/index.php?rest_route=%2Fwp%2Fv2%2Fcategories&post=69825"},{"taxonomy":"post_tag","embeddable":true,"href":"https:\/\/zonaroja.com.mx\/index.php?rest_route=%2Fwp%2Fv2%2Ftags&post=69825"}],"curies":[{"name":"wp","href":"https:\/\/api.w.org\/{rel}","templated":true}]}}