{"id":69828,"date":"2024-06-27T08:30:00","date_gmt":"2024-06-27T14:30:00","guid":{"rendered":"https:\/\/zonaroja.com.mx\/?p=69828"},"modified":"2024-06-27T07:12:43","modified_gmt":"2024-06-27T13:12:43","slug":"exige-dirigencia-del-pan-rendicion-de-cuentas-al-gobierno-de-oaxaca","status":"publish","type":"post","link":"https:\/\/zonaroja.com.mx\/?p=69828","title":{"rendered":"Exige dirigencia del PAN rendici\u00f3n de cuentas al gobierno de Oaxaca"},"content":{"rendered":"\n<p>Redacci\u00f3n\/Zona Roja.<\/p>\n\n\n\n<p>Oaxaca de Ju\u00e1rez, Oax., a 27 de junio de 2024.- La dirigencia estatal del PAN exigi\u00f3 cuentas claras sobre el ejercicio presupuestal del gobierno morenista, \u201cal que no debe extra\u00f1ar porque le rechiflan si no hace nada por la entidad\u201d.<\/p>\n\n\n\n<p>Ante la falta de obras y acciones a favor de Oaxaca, la presidenta estatal del PAN, Perla Woolrich Fern\u00e1ndez, exigi\u00f3 al gobierno estatal que rinda cuentas sobre los recursos presupuestales que administra desde hace a\u00f1o y&nbsp;medio.<\/p>\n\n\n\n<p>En su conferencia semanal denominada \u201cLa hora del PAN y el caf\u00e9\u201d, la jurista expuso que pese a la temporada de huracanes y ciclones no se observan acciones como las de desazolve para evitar inundaciones, ni tampoco mantenimiento a calles y carreteras.<\/p>\n\n\n\n<p>\u201cEl caso m\u00e1s dram\u00e1tico se refiere a las inundaciones que sufri\u00f3 el Hospital de la Ni\u00f1ez Oaxaque\u00f1a y que solo por la presi\u00f3n de los familiares de pacientes se logr\u00f3 el traslado de los enfermos a otros nosocomios\u201d.<\/p>\n\n\n\n<p>Adem\u00e1s, cuestion\u00f3 d\u00f3nde quedaron los recursos para combatir a los vectores que provocan el dengue, y otras enfermedades transmitidas por los mosquitos y que tampoco se ven nebulizaciones en todas las calles que se requieren, por lo que siguen aumentando los casos.<\/p>\n\n\n\n<p>Los 90 mil millones de pesos que en promedio obtuvo la entidad el a\u00f1o pasado y este 2024 en el presupuesto estatal, \u201cno se ven por ning\u00fan lado\u201d.<\/p>\n\n\n\n<figure class=\"wp-block-embed is-type-rich is-provider-twitter wp-block-embed-twitter\"><div class=\"wp-block-embed__wrapper\">\n<div class=\"twitter-tweet\"><blockquote class=\"twitter-tweet\" data-lang=\"es\"><p lang=\"es\" dir=\"ltr\">2. La problem\u00e1tica con los uniformes escolares para la ni\u00f1ez oaxaque\u00f1a; el caso del dengue y la atenci\u00f3n deficiente a la poblaci\u00f3n, as\u00ed como el \u201cadoctrinamiento\u201d con la visita de Aleida Guevara, entre otros temas, fueron abordados tambi\u00e9n por la presidenta del PAN,\u2026 <a href=\"https:\/\/t.co\/UKvOu4VJBd\">pic.twitter.com\/UKvOu4VJBd<\/a><\/p>&mdash; Zona Roja Oaxaca (@ZonaRoja_Oaxaca) <a href=\"https:\/\/twitter.com\/ZonaRoja_Oaxaca\/status\/1806112540969087081?ref_src=twsrc%5Etfw\">26 de junio de 2024<\/a><\/blockquote><\/div>\n<\/div><\/figure>\n\n\n\n<p>\u201cEl&nbsp;programa &nbsp;de&nbsp;&nbsp;uniformes escolares lleva 12 a\u00f1os de operaci\u00f3n, sin embargo el a\u00f1o pasado no se&nbsp;implement\u00f3 y&nbsp;nos preguntamos&nbsp;donde&nbsp;quedaron&nbsp;los recursos&nbsp;que se le destinaron,&nbsp;&nbsp;y en este a\u00f1o que lo est\u00e1n reactivando solo vemos&nbsp;desorden,&nbsp;incapacidad y caos para hacer entrega de estos&nbsp;vales ya que se observan filas kilom\u00e9tricas de padres de familia en espera de ser atendidos\u201d.<\/p>\n\n\n\n<p>En su intervenci\u00f3n, el secretario general del PAN Oaxaca, Sotero Santiago Dom\u00ednguez, denunci\u00f3 que padres de familia han manifestado su descontento por la burocr\u00e1tica entrega.&nbsp;<\/p>\n\n\n\n<p>\u201cNos relatan que tampoco han solicitado las tallas de los uniformes, no se sabe&nbsp;donde&nbsp;se van a cambiar estos vales,&nbsp;hasta ahora se ha manifestado que&nbsp;hay&nbsp;una sola talla, tal parece que las largas filas son&nbsp;para&nbsp;simular que hay mucha gente beneficiada, pero en realidad es la peor forma de ayudar, anteriormente cada padre iba a la escuela correspondiente y se eliminaban estos problemas que significa concentrar en pocos lugares esta entrega\u201d.<\/p>\n\n\n\n<p>La presidenta del PAN Oaxaca alert\u00f3 tambi\u00e9n a los padres de familia sobre el intento del gobierno morenista de inculcar ideolog\u00eda a las juventudes que nada tiene que ver con los or\u00edgenes ind\u00edgenas&nbsp;y comunitarios,&nbsp;como fue la visita de Aleida Guevara March,&nbsp;hija del&nbsp;Se\u00f1or Ernesto Guevara conocido en el mundo como&nbsp;\u201c El&nbsp;asesino de la Caba\u00f1a\u201d&nbsp;por su sadismo para matar. &nbsp;<\/p>\n\n\n\n<p>Expres\u00f3 que obligaron y acarrearon indebidamente a j\u00f3venes y dilapidaron recursos p\u00fablicos que no tienen un prop\u00f3sito educativo real, sino el de promover una ideolog\u00eda&nbsp;comunista,&nbsp;ajena a Oaxaca y al pa\u00eds.<\/p>\n\n\n\n<p>Se\u00f1al\u00f3&nbsp;que,&nbsp;ante todas las deficiencias de este gobierno, \u201cno deber\u00eda extra\u00f1ar al gobernador que le hagan rechiflas y abucheos, mejor deber\u00eda pensar que ha hecho y que est\u00e1 haciendo por Oaxaca, si logra darse cuenta de la realidad entonces podr\u00eda hacer los cambios para mejorar a la entidad\u201d.<\/p>\n","protected":false},"excerpt":{"rendered":"<p>Redacci\u00f3n\/Zona Roja. Oaxaca de Ju\u00e1rez, Oax., a 27 de junio de 2024.- La dirigencia estatal&hellip;<\/p>\n","protected":false},"author":2,"featured_media":69830,"comment_status":"closed","ping_status":"open","sticky":false,"template":"","format":"standard","meta":{"_lmt_disableupdate":"","_lmt_disable":"","_jetpack_memberships_contains_paid_content":false,"footnotes":""},"categories":[109,46],"tags":[3874],"class_list":["post-69828","post","type-post","status-publish","format-standard","has-post-thumbnail","hentry","category-minuto-a-minuto","category-zona-blanca","tag-perla-woolrich"],"jetpack_featured_media_url":"https:\/\/zonaroja.com.mx\/wp-content\/uploads\/2024\/06\/Conferencia-PAN-Perla-Woolrich-1.jpg","jetpack_sharing_enabled":true,"_links":{"self":[{"href":"https:\/\/zonaroja.com.mx\/index.php?rest_route=\/wp\/v2\/posts\/69828","targetHints":{"allow":["GET"]}}],"collection":[{"href":"https:\/\/zonaroja.com.mx\/index.php?rest_route=\/wp\/v2\/posts"}],"about":[{"href":"https:\/\/zonaroja.com.mx\/index.php?rest_route=\/wp\/v2\/types\/post"}],"author":[{"embeddable":true,"href":"https:\/\/zonaroja.com.mx\/index.php?rest_route=\/wp\/v2\/users\/2"}],"replies":[{"embeddable":true,"href":"https:\/\/zonaroja.com.mx\/index.php?rest_route=%2Fwp%2Fv2%2Fcomments&post=69828"}],"version-history":[{"count":1,"href":"https:\/\/zonaroja.com.mx\/index.php?rest_route=\/wp\/v2\/posts\/69828\/revisions"}],"predecessor-version":[{"id":69831,"href":"https:\/\/zonaroja.com.mx\/index.php?rest_route=\/wp\/v2\/posts\/69828\/revisions\/69831"}],"wp:featuredmedia":[{"embeddable":true,"href":"https:\/\/zonaroja.com.mx\/index.php?rest_route=\/wp\/v2\/media\/69830"}],"wp:attachment":[{"href":"https:\/\/zonaroja.com.mx\/index.php?rest_route=%2Fwp%2Fv2%2Fmedia&parent=69828"}],"wp:term":[{"taxonomy":"category","embeddable":true,"href":"https:\/\/zonaroja.com.mx\/index.php?rest_route=%2Fwp%2Fv2%2Fcategories&post=69828"},{"taxonomy":"post_tag","embeddable":true,"href":"https:\/\/zonaroja.com.mx\/index.php?rest_route=%2Fwp%2Fv2%2Ftags&post=69828"}],"curies":[{"name":"wp","href":"https:\/\/api.w.org\/{rel}","templated":true}]}}