{"id":69835,"date":"2024-06-27T08:16:26","date_gmt":"2024-06-27T14:16:26","guid":{"rendered":"https:\/\/zonaroja.com.mx\/?p=69835"},"modified":"2024-06-27T08:16:27","modified_gmt":"2024-06-27T14:16:27","slug":"reanuda-ayuntamiento-de-oaxaca-de-juarez-brigadas-integrales-bienestar","status":"publish","type":"post","link":"https:\/\/zonaroja.com.mx\/?p=69835","title":{"rendered":"Reanuda ayuntamiento de Oaxaca de Ju\u00e1rez \u201cBrigadas Integrales Bienestar\u00a0"},"content":{"rendered":"\n<p>Redacci\u00f3n\/Zona Roja.&nbsp;<\/p>\n\n\n\n<p>Oaxaca de Ju\u00e1rez, Oax., 26 de junio de 2024.- Este s\u00e1bado, el Ayuntamiento de Oaxaca de Ju\u00e1rez llevar\u00e1 a cabo dos actividades que prometen beneficiar y enriquecer a la comunidad:<\/p>\n\n\n\n<p>Regresan las \u201cBrigadas Integrales Bienestar\u201d, que ofrecer\u00e1n diversos servicios y programas de asistencia a la ciudadan\u00eda, y por la tarde el homenaje al maestro Rub\u00e9n Vasconcelos, que reconocer\u00e1 la invaluable contribuci\u00f3n del ilustre educador y promotor cultural a la sociedad oaxaque\u00f1a.&nbsp;<\/p>\n\n\n\n<p>El gobierno municipal, a trav\u00e9s de la Secretar\u00eda de Bienestar Municipal, contin\u00faa con las \u201cBrigadas Integrales Bienestar\u201d &nbsp;y extiende la invitaci\u00f3n a vecinas y vecinos de la Agencia Municipal de San Mart\u00edn Mexic\u00e1pam a asistir a la Escuela Secundaria T\u00e9cnica 106, ubicada en la calle Ni\u00f1os 205, este s\u00e1bado 29 de junio, de 09:00 a 14:00 hrs.&nbsp;<\/p>\n\n\n\n<p>Las brigadas proporcionan acceso gratuito a una amplia gama de servicios vitales. Entre las prestaciones ofrecidas se encuentran: odontolog\u00eda, somatometr\u00eda, optometr\u00eda, oftalmolog\u00eda, servicios de belleza, esterilizaci\u00f3n a animales de compa\u00f1\u00eda, productos de canasta b\u00e1sica a bajo costo, estudios de laboratorio, psicolog\u00eda, vacunaci\u00f3n, planificaci\u00f3n familiar y constancia de manejo de alimentos provisionales.&nbsp;<\/p>\n\n\n\n<p>Adem\u00e1s, estas iniciativas no solo buscan atender las necesidades inmediatas de la ciudadan\u00eda, sino tambi\u00e9n fomentar el empoderamiento comunitario, al acercar estos servicios directamente a los agencias, barrios y colonias se ayuda a reducir las brechas de acceso a &nbsp;la salud y aseguran que todas y todos, &nbsp;especialmente los m\u00e1s vulnerables, puedan disfrutar de una mejor calidad de vida y bienestar integral.&nbsp;<\/p>\n\n\n\n<p>EL HOMENAJE<\/p>\n\n\n\n<p>En el marco del octavo aniversario luctuoso del maestro Rub\u00e9n Vasconcelos Beltr\u00e1n, el ayuntamiento de Oaxaca de Ju\u00e1rez, a trav\u00e9s del DIF Municipal, rendir\u00e1 un merecido homenaje al cronista de la ciudad con la entrega de un reconocimiento post-mortem.&nbsp;<\/p>\n\n\n\n<p>Este evento, que se realizar\u00e1 el 29 de junio de 2024, &nbsp;a las 19:00 horas en el teatro \u201cMacedonio Alcal\u00e1\u201d, no solo honra la memoria de una figura fundamental en la preservaci\u00f3n de la historia y cultura oaxaque\u00f1a, sino que tambi\u00e9n fortalece el sentido de identidad y comunidad entre la ciudadan\u00eda.<\/p>\n\n\n\n<p>Se contar\u00e1 con la presencia de la autoridad municipal entre ellos su Presidente, Francisco Mart\u00ednez Neri, la Presidenta Honoraria del DIF Municipal Bernarda Gonz\u00e1lez Rivas, y otros distinguidos invitados como &nbsp;Silvia Vasconcelos; el Presidente de la Fundaci\u00f3n Rodolfo Morales, Alberto Morales; el ex gobernador de Oaxaca, Jes\u00fas Mart\u00ednez \u00c1lvarez y de la Compa\u00f1\u00eda \u201cPrincesa Donaj\u00ed\u201d, Fernando Rosales.<\/p>\n\n\n\n<p>Dicha ceremonia subraya el compromiso del ayuntamiento con la valorizaci\u00f3n de sus figuras hist\u00f3ricas. Adem\u00e1s, la participaci\u00f3n de la Familia \u201cCasilda Flores\u201d con las Chinas Oaxaque\u00f1as y la interpretaci\u00f3n musical de la Orquesta Sinf\u00f3nica y Coro de la Central de Abasto con Esperanza Azteca, enriquece el evento con un toque de tradici\u00f3n y talento local, haciendo de esta celebraci\u00f3n un tributo significativo que resalta la riqueza cultural de Oaxaca de Juarez.<\/p>\n","protected":false},"excerpt":{"rendered":"<p>Redacci\u00f3n\/Zona Roja.&nbsp; Oaxaca de Ju\u00e1rez, Oax., 26 de junio de 2024.- Este s\u00e1bado, el Ayuntamiento&hellip;<\/p>\n","protected":false},"author":2,"featured_media":69836,"comment_status":"closed","ping_status":"open","sticky":false,"template":"","format":"standard","meta":{"_lmt_disableupdate":"","_lmt_disable":"","_jetpack_memberships_contains_paid_content":false,"footnotes":""},"categories":[109,47],"tags":[148],"class_list":["post-69835","post","type-post","status-publish","format-standard","has-post-thumbnail","hentry","category-minuto-a-minuto","category-zona-gris","tag-oaxaca-de-juarez"],"jetpack_featured_media_url":"https:\/\/zonaroja.com.mx\/wp-content\/uploads\/2024\/06\/Brigadas-bienestar-oaxaca.jpeg","jetpack_sharing_enabled":true,"_links":{"self":[{"href":"https:\/\/zonaroja.com.mx\/index.php?rest_route=\/wp\/v2\/posts\/69835","targetHints":{"allow":["GET"]}}],"collection":[{"href":"https:\/\/zonaroja.com.mx\/index.php?rest_route=\/wp\/v2\/posts"}],"about":[{"href":"https:\/\/zonaroja.com.mx\/index.php?rest_route=\/wp\/v2\/types\/post"}],"author":[{"embeddable":true,"href":"https:\/\/zonaroja.com.mx\/index.php?rest_route=\/wp\/v2\/users\/2"}],"replies":[{"embeddable":true,"href":"https:\/\/zonaroja.com.mx\/index.php?rest_route=%2Fwp%2Fv2%2Fcomments&post=69835"}],"version-history":[{"count":1,"href":"https:\/\/zonaroja.com.mx\/index.php?rest_route=\/wp\/v2\/posts\/69835\/revisions"}],"predecessor-version":[{"id":69837,"href":"https:\/\/zonaroja.com.mx\/index.php?rest_route=\/wp\/v2\/posts\/69835\/revisions\/69837"}],"wp:featuredmedia":[{"embeddable":true,"href":"https:\/\/zonaroja.com.mx\/index.php?rest_route=\/wp\/v2\/media\/69836"}],"wp:attachment":[{"href":"https:\/\/zonaroja.com.mx\/index.php?rest_route=%2Fwp%2Fv2%2Fmedia&parent=69835"}],"wp:term":[{"taxonomy":"category","embeddable":true,"href":"https:\/\/zonaroja.com.mx\/index.php?rest_route=%2Fwp%2Fv2%2Fcategories&post=69835"},{"taxonomy":"post_tag","embeddable":true,"href":"https:\/\/zonaroja.com.mx\/index.php?rest_route=%2Fwp%2Fv2%2Ftags&post=69835"}],"curies":[{"name":"wp","href":"https:\/\/api.w.org\/{rel}","templated":true}]}}