{"id":69848,"date":"2024-06-27T12:05:17","date_gmt":"2024-06-27T18:05:17","guid":{"rendered":"https:\/\/zonaroja.com.mx\/?p=69848"},"modified":"2024-06-27T12:05:17","modified_gmt":"2024-06-27T18:05:17","slug":"cesa-gobernador-a-funcionario-que-licito-adquirir-vehiculos-blindados-que-no-autorizo","status":"publish","type":"post","link":"https:\/\/zonaroja.com.mx\/?p=69848","title":{"rendered":"Cesa gobernador a funcionario que licit\u00f3 adquirir veh\u00edculos blindados, que no autoriz\u00f3"},"content":{"rendered":"\n<p>Ismael Garc\u00eda\/Zona Roja.<\/p>\n\n\n\n<p>Oaxaca de Ju\u00e1rez, Oax., a 27 de junio de 2024.- Luego de darse a conocer una licitaci\u00f3n p\u00fablica para adquirir al menos tres veh\u00edculos blindados, el gobernador Salom\u00f3n Jara Cruz rechaz\u00f3 que haya sido por su petici\u00f3n y ces\u00f3 al funcionario responsable. <\/p>\n\n\n\n<p>Desde ayer, a trav\u00e9s de redes sociales y medios informativos, se dio a conocer la convocatoria p\u00fablica para la adquisici\u00f3n de unidades de motor con blindaje de alto nivel, incluso para ataques del crimen organizado, que supuestamente ser\u00edan para el titular del Poder Ejecutivo.&nbsp;<\/p>\n\n\n\n<p>La convocatoria fue emitida a trav\u00e9s de la Secretar\u00eda de Administraci\u00f3n, con aval de otras dependencias, entre ellas la Secretar\u00eda de Honestidad, y se encontraba en proceso de licitaci\u00f3n.<\/p>\n\n\n\n<p>Ante ello, esta ma\u00f1ana y a trav\u00e9s de su redes sociales, el gobernador Salom\u00f3n Cruz dio a conocer que no utiliz\u00f3 dicha adquisici\u00f3n, por lo cual ces\u00f3 al funcionario responsable:&nbsp;<\/p>\n\n\n\n<p>\u201cCon relaci\u00f3n a la informaci\u00f3n sobre la compra de veh\u00edculos blindados que circul\u00f3 en las \u00faltimas horas y de la cual no fui informado, he decidido cancelar inmediatamente la operaci\u00f3n y separar del cargo al director de Patrimonio de la Secretar\u00eda de Administraci\u00f3n, Melquiades Antonio Ruiz.&nbsp;<\/p>\n\n\n\n<p>\u201cHe instruido tambi\u00e9n la realizaci\u00f3n de una investigaci\u00f3n de todas las \u00e1reas y se sancionar\u00e1 cualquier irregularidad sin importar quien sea la persona responsable\u201d, difundi\u00f3.&nbsp;<\/p>\n","protected":false},"excerpt":{"rendered":"<p>Ismael Garc\u00eda\/Zona Roja. Oaxaca de Ju\u00e1rez, Oax., a 27 de junio de 2024.- Luego de&hellip;<\/p>\n","protected":false},"author":2,"featured_media":69847,"comment_status":"closed","ping_status":"open","sticky":false,"template":"","format":"standard","meta":{"_lmt_disableupdate":"","_lmt_disable":"","_jetpack_memberships_contains_paid_content":false,"footnotes":""},"categories":[109,47],"tags":[],"class_list":["post-69848","post","type-post","status-publish","format-standard","has-post-thumbnail","hentry","category-minuto-a-minuto","category-zona-gris"],"jetpack_featured_media_url":"https:\/\/zonaroja.com.mx\/wp-content\/uploads\/2024\/06\/img_6956-1.jpg","jetpack_sharing_enabled":true,"_links":{"self":[{"href":"https:\/\/zonaroja.com.mx\/index.php?rest_route=\/wp\/v2\/posts\/69848","targetHints":{"allow":["GET"]}}],"collection":[{"href":"https:\/\/zonaroja.com.mx\/index.php?rest_route=\/wp\/v2\/posts"}],"about":[{"href":"https:\/\/zonaroja.com.mx\/index.php?rest_route=\/wp\/v2\/types\/post"}],"author":[{"embeddable":true,"href":"https:\/\/zonaroja.com.mx\/index.php?rest_route=\/wp\/v2\/users\/2"}],"replies":[{"embeddable":true,"href":"https:\/\/zonaroja.com.mx\/index.php?rest_route=%2Fwp%2Fv2%2Fcomments&post=69848"}],"version-history":[{"count":1,"href":"https:\/\/zonaroja.com.mx\/index.php?rest_route=\/wp\/v2\/posts\/69848\/revisions"}],"predecessor-version":[{"id":69849,"href":"https:\/\/zonaroja.com.mx\/index.php?rest_route=\/wp\/v2\/posts\/69848\/revisions\/69849"}],"wp:featuredmedia":[{"embeddable":true,"href":"https:\/\/zonaroja.com.mx\/index.php?rest_route=\/wp\/v2\/media\/69847"}],"wp:attachment":[{"href":"https:\/\/zonaroja.com.mx\/index.php?rest_route=%2Fwp%2Fv2%2Fmedia&parent=69848"}],"wp:term":[{"taxonomy":"category","embeddable":true,"href":"https:\/\/zonaroja.com.mx\/index.php?rest_route=%2Fwp%2Fv2%2Fcategories&post=69848"},{"taxonomy":"post_tag","embeddable":true,"href":"https:\/\/zonaroja.com.mx\/index.php?rest_route=%2Fwp%2Fv2%2Ftags&post=69848"}],"curies":[{"name":"wp","href":"https:\/\/api.w.org\/{rel}","templated":true}]}}