{"id":6985,"date":"2019-12-26T09:00:24","date_gmt":"2019-12-26T15:00:24","guid":{"rendered":"http:\/\/www.zonaroja.com.mx\/?p=6985"},"modified":"2019-12-25T19:46:36","modified_gmt":"2019-12-26T01:46:36","slug":"detenido-por-caso-maria-elena-no-es-el-autor-material-del-ataque-con-acido","status":"publish","type":"post","link":"https:\/\/zonaroja.com.mx\/?p=6985","title":{"rendered":"Detenido por caso Mar\u00eda Elena, no es el autor material del ataque con \u00e1cido"},"content":{"rendered":"\n<p>Evlin Arag\u00f3n\/Zona Roja.<\/p>\n\n\n\n<p>Oaxaca de Ju\u00e1rez, Oax., 26 de diciembre\nde 2019.- El sujeto identificado con las siglas P.H.Y. y detenido el pasado\nlunes 23 de diciembre, no es el probable autor material del ataque con \u00e1cido a\nla joven Mar\u00eda Elena R\u00edos Ortiz, revelaron sus familiares.<\/p>\n\n\n\n<p>Tras la detenci\u00f3n, dada a conocer por\nla Fiscal\u00eda General del Estado de Oaxaca, indicaron que dicho individuo\n\u00fanicamente acompa\u00f1aba a quien roci\u00f3 \u00e1cido a la saxofonista, por lo que\npr\u00e1cticamente no hay avances en las indagatorias, como tampoco se les ha\ninformado acerca del probable autor intelectual, Jos\u00e9 Antonio Vera Carrizal,\nse\u00f1alaron.<\/p>\n\n\n\n<p>Mientras tanto, la petici\u00f3n de justicia\npara Mar\u00eda Elena est\u00e1 por alcanzar las 100 mil firmas en la plataforma de\nChange.org, que sigue recibiendo adhesiones de manera continua desde el 11 de\ndiciembre, fecha en la que fue publicada debido a la falta de apoyo\ninstitucional hacia la joven.<\/p>\n\n\n\n<p>La respuesta de miles de personas a la\npetici\u00f3n, as\u00ed como la presi\u00f3n a trav\u00e9s de las redes sociales consigui\u00f3 que\n\u201cMalena\u201d como le llaman sus familiares, fuera trasladada a la Ciudad de M\u00e9xico\npara recibir atenci\u00f3n especializada, ya que en la entidad oaxaque\u00f1a no existen\nespecialistas en quemaduras con materiales corrosivos.&nbsp; <\/p>\n\n\n\n<p>El traslado a\u00e9reo se concret\u00f3 el 13 de\ndiciembre, mismo d\u00eda en el que recibida en el Centro de Nacional de\nInvestigaci\u00f3n de Quemados del Instituto Nacional de Rehabilitaci\u00f3n \u201cLuis\nGuillermo Ibarra\u201d en donde sigue recibiendo atenci\u00f3n especializada, pese a que\nlos familiares han declarado que debido a las lesiones perdi\u00f3 un ojo y cuenta\ncon quemaduras graves en el rostro, cuello, pecho, brazos y piernas.<\/p>\n\n\n\n<p>El pasado 23 de diciembre, d\u00eda\nparticularmente violento en la entidad oaxaque\u00f1a, el gobernador Alejandro Murat\nHinojosa y el fiscal Rub\u00e9n Vasconcelos M\u00e9ndez anunciaron la captura de un\nsujeto identificado como P.H.Y., a quien se le imputa el delito de tentativa de\nfeminicidio.<\/p>\n\n\n\n<p>En conferencia de prensa Vasconcelos M\u00e9ndez\ninform\u00f3 que se tienen identificados a otros posibles participantes en la\nagresi\u00f3n por lo que contin\u00faan las indagatorias para conseguir la captura de\notras personas involucradas, incluidos \u00e9l o los autores intelectuales. No obstante,\nno dio a conocer de qu\u00e9 manera particip\u00f3 el hoy detenido.<\/p>\n\n\n\n<p>Pese a lo anterior a trav\u00e9s de las\nredes sociales se ha cuestionado que el empresario y ex diputado local, Juan\nVera Carrizal, no sea detenido pese a los se\u00f1alamientos directos por parte de\nla joven, con quien sostuvo una relaci\u00f3n sentimental que termin\u00f3 por ser\nperjudicial para su salud mental.<\/p>\n","protected":false},"excerpt":{"rendered":"<p>Evlin Arag\u00f3n\/Zona Roja. Oaxaca de Ju\u00e1rez, Oax., 26 de diciembre de 2019.- El sujeto identificado&hellip;<\/p>\n","protected":false},"author":2,"featured_media":6563,"comment_status":"closed","ping_status":"open","sticky":false,"template":"","format":"standard","meta":{"_lmt_disableupdate":"","_lmt_disable":"","_jetpack_memberships_contains_paid_content":false,"footnotes":""},"categories":[109,47],"tags":[1124],"class_list":["post-6985","post","type-post","status-publish","format-standard","has-post-thumbnail","hentry","category-minuto-a-minuto","category-zona-gris","tag-maria-elena-rios-ortiz"],"jetpack_featured_media_url":"https:\/\/zonaroja.com.mx\/wp-content\/uploads\/2019\/12\/Mar\u00eda-Elena-R\u00edos.jpg","jetpack_sharing_enabled":true,"_links":{"self":[{"href":"https:\/\/zonaroja.com.mx\/index.php?rest_route=\/wp\/v2\/posts\/6985","targetHints":{"allow":["GET"]}}],"collection":[{"href":"https:\/\/zonaroja.com.mx\/index.php?rest_route=\/wp\/v2\/posts"}],"about":[{"href":"https:\/\/zonaroja.com.mx\/index.php?rest_route=\/wp\/v2\/types\/post"}],"author":[{"embeddable":true,"href":"https:\/\/zonaroja.com.mx\/index.php?rest_route=\/wp\/v2\/users\/2"}],"replies":[{"embeddable":true,"href":"https:\/\/zonaroja.com.mx\/index.php?rest_route=%2Fwp%2Fv2%2Fcomments&post=6985"}],"version-history":[{"count":1,"href":"https:\/\/zonaroja.com.mx\/index.php?rest_route=\/wp\/v2\/posts\/6985\/revisions"}],"predecessor-version":[{"id":6986,"href":"https:\/\/zonaroja.com.mx\/index.php?rest_route=\/wp\/v2\/posts\/6985\/revisions\/6986"}],"wp:featuredmedia":[{"embeddable":true,"href":"https:\/\/zonaroja.com.mx\/index.php?rest_route=\/wp\/v2\/media\/6563"}],"wp:attachment":[{"href":"https:\/\/zonaroja.com.mx\/index.php?rest_route=%2Fwp%2Fv2%2Fmedia&parent=6985"}],"wp:term":[{"taxonomy":"category","embeddable":true,"href":"https:\/\/zonaroja.com.mx\/index.php?rest_route=%2Fwp%2Fv2%2Fcategories&post=6985"},{"taxonomy":"post_tag","embeddable":true,"href":"https:\/\/zonaroja.com.mx\/index.php?rest_route=%2Fwp%2Fv2%2Ftags&post=6985"}],"curies":[{"name":"wp","href":"https:\/\/api.w.org\/{rel}","templated":true}]}}