{"id":69855,"date":"2024-06-28T10:57:39","date_gmt":"2024-06-28T16:57:39","guid":{"rendered":"https:\/\/zonaroja.com.mx\/?p=69855"},"modified":"2024-06-28T10:57:39","modified_gmt":"2024-06-28T16:57:39","slug":"dan-35-anos-de-prision-al-autor-de-un-asesinato-cometido-en-pochutla","status":"publish","type":"post","link":"https:\/\/zonaroja.com.mx\/?p=69855","title":{"rendered":"Dan 35 a\u00f1os de prisi\u00f3n al autor de un asesinato cometido en Pochutla"},"content":{"rendered":"\n<p>Redacci\u00f3n\/Zona Roja.&nbsp;<\/p>\n\n\n\n<p>Oaxaca de Ju\u00e1rez, Oax., a 28 de junio de 2024.- La investigaci\u00f3n especializada en delitos de alto impacto que realiza la Fiscal\u00eda General del Estado de Oaxaca (FGEO) hizo posible la obtenci\u00f3n de una sentencia condenatoria en contra de una persona del sexo masculino identificada como L.P.C., responsable en la comisi\u00f3n del delito de Homicidio Calificado, hechos ocurridos en la regi\u00f3n de la Costa.<\/p>\n\n\n\n<p>De acuerdo con el expediente penal, el 2 de octubre de 2023, la v\u00edctima -identificada como C.O.R.- sal\u00eda de su domicilio ubicado en el Barrio San Francisco, perteneciente a San Pedro Pochutla, lugar donde fue atacado con un arma corto-contundente (machete), caus\u00e1ndole lesiones que le provocaron la muerte.<\/p>\n\n\n\n<p>Ante los hechos, la FGEO tom\u00f3 conocimiento del caso e inici\u00f3 los trabajos ministeriales al respecto; resultante de las investigaciones realizadas por la Vicefiscal\u00eda Regional de la Costa se logr\u00f3 obtener y ejecutar una orden de aprehensi\u00f3n con lo cual fue posible presentar al imputado ante el Juez de la causa.<\/p>\n\n\n\n<p>Tras evaluar y analizar los datos de prueba aportados por la Fiscal\u00eda de Oaxaca, el Juez dict\u00f3 sentencia condenatoria de 35 a\u00f1os de prisi\u00f3n en contra de L.P.C., por su responsabilidad en la comisi\u00f3n del delito de homicidio calificado, adem\u00e1s que impuso el pago de m\u00e1s de 518 mil pesos por concepto de reparaci\u00f3n del da\u00f1o.<\/p>\n\n\n\n<p>VINCULADO A PROCESO<\/p>\n\n\n\n<p>Por otra parte, la Fiscal\u00eda General del Estado Oaxaca (FGEO) obtuvo auto de vinculaci\u00f3n a proceso para una persona del sexo masculino identificada como F. C.P., por el delito de Homicidio Calificado en grado Tentativa, hechos ocurridos en la regi\u00f3n de la Mixteca.<\/p>\n\n\n\n<p>De acuerdo con en el expediente penal, los hechos ocurrieron el 23 de mayo de 2024, cuando la v\u00edctima P.A.G.B., circulaba a bordo de una motocicleta en la calle Emilio Sarabia de la Colonia del Valle en la ciudad de Huajuapan de Le\u00f3n, lugar donde fue interceptado por el imputado quien sac\u00f3 un arma de fuego y \u00e9sta se le encasquill\u00f3 cuando intent\u00f3 disparar, lo que permiti\u00f3 que la v\u00edctima huyera del lugar.<\/p>\n\n\n\n<p>Ante estos hechos, la Fiscal\u00eda de Oaxaca inici\u00f3 la investigaci\u00f3n a trav\u00e9s de la Vicefiscal\u00eda Regional de la Mixteca, lo que permiti\u00f3 la obtenci\u00f3n de una orden de aprehensi\u00f3n contra F.C.P., ejecutada por elementos de la Agencia Estatal de Investigaciones (AEI) el 11 de junio de 2024, una vez detenido, fue puesto a disposici\u00f3n de la autoridad correspondiente.<\/p>\n\n\n\n<p>Gracias a los datos de prueba aportados por el Ministerio P\u00fablico, el Juez de la causa determin\u00f3 vincular a proceso a F.C.P., por el delito de Homicidio Calificado en grado de Tentativa, adem\u00e1s que dict\u00f3 la medida de prisi\u00f3n preventiva justificada.<\/p>\n","protected":false},"excerpt":{"rendered":"<p>Redacci\u00f3n\/Zona Roja.&nbsp; Oaxaca de Ju\u00e1rez, Oax., a 28 de junio de 2024.- La investigaci\u00f3n especializada&hellip;<\/p>\n","protected":false},"author":2,"featured_media":68512,"comment_status":"closed","ping_status":"open","sticky":false,"template":"","format":"standard","meta":{"_lmt_disableupdate":"","_lmt_disable":"","_jetpack_memberships_contains_paid_content":false,"footnotes":""},"categories":[109,46],"tags":[],"class_list":["post-69855","post","type-post","status-publish","format-standard","has-post-thumbnail","hentry","category-minuto-a-minuto","category-zona-blanca"],"jetpack_featured_media_url":"https:\/\/zonaroja.com.mx\/wp-content\/uploads\/2024\/05\/prision-carcel-sentenciado.jpg","jetpack_sharing_enabled":true,"_links":{"self":[{"href":"https:\/\/zonaroja.com.mx\/index.php?rest_route=\/wp\/v2\/posts\/69855","targetHints":{"allow":["GET"]}}],"collection":[{"href":"https:\/\/zonaroja.com.mx\/index.php?rest_route=\/wp\/v2\/posts"}],"about":[{"href":"https:\/\/zonaroja.com.mx\/index.php?rest_route=\/wp\/v2\/types\/post"}],"author":[{"embeddable":true,"href":"https:\/\/zonaroja.com.mx\/index.php?rest_route=\/wp\/v2\/users\/2"}],"replies":[{"embeddable":true,"href":"https:\/\/zonaroja.com.mx\/index.php?rest_route=%2Fwp%2Fv2%2Fcomments&post=69855"}],"version-history":[{"count":1,"href":"https:\/\/zonaroja.com.mx\/index.php?rest_route=\/wp\/v2\/posts\/69855\/revisions"}],"predecessor-version":[{"id":69856,"href":"https:\/\/zonaroja.com.mx\/index.php?rest_route=\/wp\/v2\/posts\/69855\/revisions\/69856"}],"wp:featuredmedia":[{"embeddable":true,"href":"https:\/\/zonaroja.com.mx\/index.php?rest_route=\/wp\/v2\/media\/68512"}],"wp:attachment":[{"href":"https:\/\/zonaroja.com.mx\/index.php?rest_route=%2Fwp%2Fv2%2Fmedia&parent=69855"}],"wp:term":[{"taxonomy":"category","embeddable":true,"href":"https:\/\/zonaroja.com.mx\/index.php?rest_route=%2Fwp%2Fv2%2Fcategories&post=69855"},{"taxonomy":"post_tag","embeddable":true,"href":"https:\/\/zonaroja.com.mx\/index.php?rest_route=%2Fwp%2Fv2%2Ftags&post=69855"}],"curies":[{"name":"wp","href":"https:\/\/api.w.org\/{rel}","templated":true}]}}