{"id":69857,"date":"2024-06-28T12:11:52","date_gmt":"2024-06-28T18:11:52","guid":{"rendered":"https:\/\/zonaroja.com.mx\/?p=69857"},"modified":"2024-06-28T12:11:52","modified_gmt":"2024-06-28T18:11:52","slug":"se-reune-amlo-con-gobernadores-les-pide-respaldar-a-claudia-sheinbaum","status":"publish","type":"post","link":"https:\/\/zonaroja.com.mx\/?p=69857","title":{"rendered":"Se re\u00fane AMLO con gobernadores; les pide respaldar a Claudia Sheinbaum"},"content":{"rendered":"\n<p>Redacci\u00f3n\/Zona Roja Cdmx.<\/p>\n\n\n\n<p>Ciudad de M\u00e9xico, a 28 de junio de 2024.- El Presidente Andr\u00e9s Manuel L\u00f3pez Obrador se reuni\u00f3 anoche con gobernadores constitucionales y electos de su partido, a quienes llam\u00f3 a cerrar filas en torno a su virtual sucesora, Claudia Sheinbaum Pardo.<\/p>\n\n\n\n<p>El encuentro se efectu\u00f3 en un hotel de la calle Ju\u00e1rez y tambi\u00e9n estuvieron legisladores electos como Ad\u00e1n Augusto L\u00f3pez y Ricardo Monreal. Tanto L\u00f3pez Obrador como Sheinbaum convocaron a la unidad y a seguir trabajando para dar resultados a la ciudadan\u00eda.<\/p>\n\n\n\n<p>Los gobernadores asistentes evitaron hacer mayores comentarios sobre la reuni\u00f3n que calificaron de sencilla y tranquila. El senador Ricardo Moreal expres\u00f3 que se les pidi\u00f3 m\u00e1s discreci\u00f3n sobre lo tratado en el evento y el ex canciller Marcelo Ebrard secund\u00f3 los dichos de su correligionario coloc\u00e1ndose el dedo \u00edndice sobre la boca cerrada.<\/p>\n\n\n\n<p>La gobernadora del Estado de M\u00e9xico, Delfina G\u00f3mez, se\u00f1al\u00f3 que el presidente les dijo: \u201cQue sigamos trabajando, siempre nos dice lo mismo, que trabajemos\u2026 que tenemos un compromiso con el pueblo\u201d.<\/p>\n\n\n\n<p>Ante la insistencia de los reporteros para conocer sobre el c\u00f3nclave, que se prolong\u00f3 por hora y media, la gobernadora de Campeche, Layda Sansores, coment\u00f3: \u201cYa ni les platico, para que yo no sea indiscreta\u201d.<\/p>\n\n\n\n<p>El gobernador de Michoac\u00e1n, Alfredo Ram\u00edrez Bedolla, explic\u00f3 que se trat\u00f3 de una reuni\u00f3n sencilla y que la futura presidenta les pidi\u00f3 dar soluciones.<\/p>\n\n\n\n<p>\u201cTodos contentos por los triunfos y a cerrar filas con la presidenta Claudia Sheinbaum. Todos tuvimos intervenci\u00f3n apoyando a la presidenta. El apoyo que tuvo en las urnas es muy importante, 36 millones (de votos) es hist\u00f3rico, pero tenemos que seguir trabajando. Nos pidi\u00f3 que sigamos entregados, dando soluciones y resultados\u201d.<\/p>\n\n\n\n<p>La pr\u00f3xima gobernadora de Verecruz, Roc\u00edo Nahle, subray\u00f3: \u201cFue una pl\u00e1tica muy tranquila. Siempre hemos cerrado filas con ella (Sheinbaum), somos un movimiento transformador de unidad\u201d<\/p>\n\n\n\n<p>En su caso particular se dijo muy contenta, porque \u201cganamos Veracruz con un mill\u00f3n de votos de diferencia\u201d.<\/p>\n\n\n\n<p>La aspirante a la gubernatura de Jalisco por el partido guinda, Claudia Delgadillo, quien impugn\u00f3 el triunfo de Movimiento Ciudadano, se\u00f1al\u00f3 que tanto L\u00f3pez Obrador como Sheinbaum los llamaron a \u201ctrabajar much\u00edsimo con toda nuestra base \u201c<\/p>\n\n\n\n<p>Mientras que la jefa de gobierno electa de la Ciudad de M\u00e9xico, Clara Brugada, resumi\u00f3 las peticiones: \u201cTrabajar, trabajar y trabajar\u201d.<\/p>\n\n\n\n<p>(Informaci\u00f3n de \u201cLa Jornada\u201d)<\/p>\n\n\n\n<p><\/p>\n","protected":false},"excerpt":{"rendered":"<p>Redacci\u00f3n\/Zona Roja Cdmx. Ciudad de M\u00e9xico, a 28 de junio de 2024.- El Presidente Andr\u00e9s&hellip;<\/p>\n","protected":false},"author":2,"featured_media":64827,"comment_status":"closed","ping_status":"open","sticky":false,"template":"","format":"standard","meta":{"_lmt_disableupdate":"","_lmt_disable":"","_jetpack_memberships_contains_paid_content":false,"footnotes":""},"categories":[1,46],"tags":[],"class_list":["post-69857","post","type-post","status-publish","format-standard","has-post-thumbnail","hentry","category-sin-categoria","category-zona-blanca"],"jetpack_featured_media_url":"https:\/\/zonaroja.com.mx\/wp-content\/uploads\/2024\/01\/Andres-Manuel-Lopez-Obrador-conferencia.jpeg","jetpack_sharing_enabled":true,"_links":{"self":[{"href":"https:\/\/zonaroja.com.mx\/index.php?rest_route=\/wp\/v2\/posts\/69857","targetHints":{"allow":["GET"]}}],"collection":[{"href":"https:\/\/zonaroja.com.mx\/index.php?rest_route=\/wp\/v2\/posts"}],"about":[{"href":"https:\/\/zonaroja.com.mx\/index.php?rest_route=\/wp\/v2\/types\/post"}],"author":[{"embeddable":true,"href":"https:\/\/zonaroja.com.mx\/index.php?rest_route=\/wp\/v2\/users\/2"}],"replies":[{"embeddable":true,"href":"https:\/\/zonaroja.com.mx\/index.php?rest_route=%2Fwp%2Fv2%2Fcomments&post=69857"}],"version-history":[{"count":1,"href":"https:\/\/zonaroja.com.mx\/index.php?rest_route=\/wp\/v2\/posts\/69857\/revisions"}],"predecessor-version":[{"id":69858,"href":"https:\/\/zonaroja.com.mx\/index.php?rest_route=\/wp\/v2\/posts\/69857\/revisions\/69858"}],"wp:featuredmedia":[{"embeddable":true,"href":"https:\/\/zonaroja.com.mx\/index.php?rest_route=\/wp\/v2\/media\/64827"}],"wp:attachment":[{"href":"https:\/\/zonaroja.com.mx\/index.php?rest_route=%2Fwp%2Fv2%2Fmedia&parent=69857"}],"wp:term":[{"taxonomy":"category","embeddable":true,"href":"https:\/\/zonaroja.com.mx\/index.php?rest_route=%2Fwp%2Fv2%2Fcategories&post=69857"},{"taxonomy":"post_tag","embeddable":true,"href":"https:\/\/zonaroja.com.mx\/index.php?rest_route=%2Fwp%2Fv2%2Ftags&post=69857"}],"curies":[{"name":"wp","href":"https:\/\/api.w.org\/{rel}","templated":true}]}}