{"id":69859,"date":"2024-06-28T14:21:45","date_gmt":"2024-06-28T20:21:45","guid":{"rendered":"https:\/\/zonaroja.com.mx\/?p=69859"},"modified":"2024-06-28T14:21:47","modified_gmt":"2024-06-28T20:21:47","slug":"corredor-interoceanico-deja-estela-de-violencia-y-afectacion-a-pueblos","status":"publish","type":"post","link":"https:\/\/zonaroja.com.mx\/?p=69859","title":{"rendered":"Corredor Interoce\u00e1nico deja estela de violencia y afectaci\u00f3n a pueblos"},"content":{"rendered":"\n<p>Redacci\u00f3n\/Zona Roja.<\/p>\n\n\n\n<p>Oaxaca de Ju\u00e1rez, Oax., a 28 de junio de 2024.- La implementaci\u00f3n del Corredor Interoce\u00e1nico del Istmo de Tehuantepec ha transformado significativamente la vida de las comunidades y pueblos que habitan en el Istmo de Tehuantepec, quienes hasta la fecha mantienen procesos de resistencia y organizaci\u00f3n comunitaria.&nbsp;<\/p>\n\n\n\n<p>Frente a diversas acciones que las comunidades y personas defensoras han llevado a cabo para proteger sus propiedades, territorios y formas de vida, el Estado mexicano ha desplegado una serie de actos que afectan su integridad f\u00edsica y emocional, su libertad y territorio.<\/p>\n\n\n\n<p>Dichas declaraciones son resultado de la documentaci\u00f3n y observaci\u00f3n de veintid\u00f3s organizaciones de la sociedad civil, quienes conformamos una Misi\u00f3n Civil de Observaci\u00f3n en el Istmo de Tehuantepec (MCO) a fin de visibilizar las agresiones ejercidas contra personas y comunidades defensoras de la naturaleza y el territorio.<\/p>\n\n\n\n<p>La MCO se realiz\u00f3 del 22 al 25 de julio de 2023, integrada por organizaciones internacionales, nacionales y estatales de derechos humanos y de los pueblos originarios, quienes efectuaron un recorrido por diferentes comunidades del Istmo de Tehuantepec. A tres a\u00f1os de la implementaci\u00f3n del Corredor Interoce\u00e1nico, los datos son alarmantes:<\/p>\n\n\n\n<p>Del 1 de mayo de 2021 al 1 de mayo de 2024, se registraron un total de 72 ataques, en los que se perpetraron, al menos, 226 agresiones diversas en contra de personas defensoras, siendo las m\u00e1s recurrentes: intimidaci\u00f3n (30%), hostigamiento (28%), amenazas (10%) y agresiones f\u00edsicas (7%).&nbsp;<\/p>\n\n\n\n<p>Adem\u00e1s, se documentaron tres homicidios en contra de defensores zapotecos: Jes\u00fas Manuel Mart\u00ednez (2022), F\u00e9lix Vicente Cruz (2023) y Noel L\u00f3pez Gallegos (2023).<\/p>\n\n\n\n<p>El 92% de las v\u00edctimas defensoras pertenecen a alg\u00fan pueblo ind\u00edgena; en ese marco, los pueblos Mixe (Ayuujk) y Zapoteco (Binniz\u00e1) fueron quienes tuvieron que enfrentar un mayor n\u00famero de agresiones en su contra.&nbsp;<\/p>\n\n\n\n<p>\u201cEs importante visibilizar la existencia de agresiones e impactos diferenciados en contra de defensoras ind\u00edgenas, quienes han enfrentado ataques de intimidaci\u00f3n, amenazas y agresiones f\u00edsicas basados en roles y estereotipos de g\u00e9nero y con cargas de sexualidad\u201d.<\/p>\n\n\n\n<p>En relaci\u00f3n a los autores de los casos documentados por la MCO, el Estado mexicano, registr\u00f3 el mayor n\u00famero de participaciones en la violencia perpetrada (en 94 ocasiones dentro de los 72 ataques documentados), con una presencia permanente y protag\u00f3nica del Ej\u00e9rcito, la Marina y Guardia Nacional en los territorios ind\u00edgenas del Istmo, que propicia un clima hostil y de intimidaci\u00f3n, lo cual ha generado una violaci\u00f3n sistem\u00e1tica a los derechos fundamentales contra las comunidades y pueblos que habitan en el Istmo de Tehuantepec.<\/p>\n\n\n\n<p>La Misi\u00f3n Civil recomend\u00f3 a las autoridades detener de manera urgente y efectiva el proceso de militarizaci\u00f3n a efecto de garantizar una protecci\u00f3n efectiva de los derechos a la autodeterminaci\u00f3n, territorio y consulta.<\/p>\n\n\n\n<p>Frenar toda forma de amenaza, criminalizaci\u00f3n y agresi\u00f3n en contra de las personas defensoras y pueblos ind\u00edgenas , as\u00ed como emprender acciones para garantizar un entorno seguro y garantizar la implementaci\u00f3n urgente de medidas de protecci\u00f3n efectivas en favor de personas defensoras del Istmo, las cu\u00e1les deben ser acordadas con las mismas y tener pertinencia de contexto, perspectiva de g\u00e9nero y comunitaria.<\/p>\n\n\n\n<p>Adoptar las medidas necesarias y suficientes para la reparaci\u00f3n integral y no repetici\u00f3n de las violaciones a los derechos humanos cometidas contra personas y comunidades del Istmo de Tehuantepec.<\/p>\n\n\n\n<p>La MCO advierte que, de no acatar las recomendaciones generadas, se profundizar\u00e1n las violaciones a los derechos fundamentales de comunidades y personas defensoras en el Istmo de Tehuantepec.<\/p>\n\n\n\n<p>(Comunicado)<\/p>\n","protected":false},"excerpt":{"rendered":"<p>Redacci\u00f3n\/Zona Roja. Oaxaca de Ju\u00e1rez, Oax., a 28 de junio de 2024.- La implementaci\u00f3n del&hellip;<\/p>\n","protected":false},"author":2,"featured_media":69860,"comment_status":"closed","ping_status":"open","sticky":false,"template":"","format":"standard","meta":{"_lmt_disableupdate":"","_lmt_disable":"","_jetpack_memberships_contains_paid_content":false,"footnotes":""},"categories":[109,46],"tags":[],"class_list":["post-69859","post","type-post","status-publish","format-standard","has-post-thumbnail","hentry","category-minuto-a-minuto","category-zona-blanca"],"jetpack_featured_media_url":"https:\/\/zonaroja.com.mx\/wp-content\/uploads\/2024\/06\/Comferemcoa-Mision-Civil-de-Observacion-Corredor-Interoceanico.jpeg","jetpack_sharing_enabled":true,"_links":{"self":[{"href":"https:\/\/zonaroja.com.mx\/index.php?rest_route=\/wp\/v2\/posts\/69859","targetHints":{"allow":["GET"]}}],"collection":[{"href":"https:\/\/zonaroja.com.mx\/index.php?rest_route=\/wp\/v2\/posts"}],"about":[{"href":"https:\/\/zonaroja.com.mx\/index.php?rest_route=\/wp\/v2\/types\/post"}],"author":[{"embeddable":true,"href":"https:\/\/zonaroja.com.mx\/index.php?rest_route=\/wp\/v2\/users\/2"}],"replies":[{"embeddable":true,"href":"https:\/\/zonaroja.com.mx\/index.php?rest_route=%2Fwp%2Fv2%2Fcomments&post=69859"}],"version-history":[{"count":1,"href":"https:\/\/zonaroja.com.mx\/index.php?rest_route=\/wp\/v2\/posts\/69859\/revisions"}],"predecessor-version":[{"id":69861,"href":"https:\/\/zonaroja.com.mx\/index.php?rest_route=\/wp\/v2\/posts\/69859\/revisions\/69861"}],"wp:featuredmedia":[{"embeddable":true,"href":"https:\/\/zonaroja.com.mx\/index.php?rest_route=\/wp\/v2\/media\/69860"}],"wp:attachment":[{"href":"https:\/\/zonaroja.com.mx\/index.php?rest_route=%2Fwp%2Fv2%2Fmedia&parent=69859"}],"wp:term":[{"taxonomy":"category","embeddable":true,"href":"https:\/\/zonaroja.com.mx\/index.php?rest_route=%2Fwp%2Fv2%2Fcategories&post=69859"},{"taxonomy":"post_tag","embeddable":true,"href":"https:\/\/zonaroja.com.mx\/index.php?rest_route=%2Fwp%2Fv2%2Ftags&post=69859"}],"curies":[{"name":"wp","href":"https:\/\/api.w.org\/{rel}","templated":true}]}}