{"id":69867,"date":"2024-06-28T15:32:28","date_gmt":"2024-06-28T21:32:28","guid":{"rendered":"https:\/\/zonaroja.com.mx\/?p=69867"},"modified":"2024-06-28T15:32:30","modified_gmt":"2024-06-28T21:32:30","slug":"inician-foros-sobre-reforma-al-poder-judicial-hay-division-entre-magistrados","status":"publish","type":"post","link":"https:\/\/zonaroja.com.mx\/?p=69867","title":{"rendered":"Inician foros sobre reforma al Poder Judicial; hay divisi\u00f3n entre magistrados"},"content":{"rendered":"\n<p>Redacci\u00f3n\/Zona Roja Cdmx.<\/p>\n\n\n\n<p>Ciudad de M\u00e9xico, a 28 de junio de 2024.- La propuesta de elegir a juzgadores por el voto popular en M\u00e9xico que se impulsa en el Congreso, dividi\u00f3 este jueves a los ministros de la Suprema Corte de Justicia de la Naci\u00f3n (SCJN), como qued\u00f3 evidente en el primero de los foros de debate.<\/p>\n\n\n\n<p>Mientras unos coincidieron en cambios escalonados y asegurar la autonom\u00eda y el conocimiento t\u00e9cnico de los jueces y magistrados del Poder Judicial, otros mostraron su total rechazo a la pol\u00e9mica propuesta del presidente, Andr\u00e9s Manuel L\u00f3pez Obrador, y expresaron su preocupaci\u00f3n por su impacto en el sistema judicial.<\/p>\n\n\n\n<p>La divisi\u00f3n de las posturas entre los ministros mexicanos deriv\u00f3 del primero de nueve foros denominados \u2018Di\u00e1logos Nacionales para la Reforma al Poder Judicial\u2019, luego de que la mayor\u00eda oficialista impuso en la agenda del Congreso mexicano una reforma a la Constituci\u00f3n tras el arrasador triunfo en las pasadas elecciones que le dieron una amplia mayor\u00eda parlamentaria a partir del 1 de septiembre pr\u00f3ximo.<\/p>\n\n\n\n<p>Con estos cambios, el oficialismo busca que los juzgadores sean electos en las urnas, incluidos los 11 ministros de la Suprema Corte mexicana, lo que supondr\u00eda la renovaci\u00f3n de m\u00e1s de mil 600 personas juzgadoras federales y 5 mil locales.<\/p>\n\n\n\n<p>A la vez, promueve un tribunal de disciplina judicial para evaluar el desempe\u00f1o de los jueces en lugar del Consejo de la Judicatura Federal, \u00f3rgano administrativo y disciplinario.<\/p>\n\n\n\n<p>El ministro de la SCJN, Jorge Mario Pardo Rebolledo, se\u00f1al\u00f3 que remover en un solo momento a toda esta cantidad de personas generar\u00eda \u201cun desajuste importante para el funcionamiento e integraci\u00f3n de los \u00f3rganos de impartici\u00f3n de justicia\u201d.<\/p>\n\n\n\n<p>A su juicio, muchos procesos y asuntos judiciales quedar\u00edan en la incertidumbre en perjuicio de los ciudadanos usuarios de los tribunales de justicia, por lo que, al igual que la ministra Yasm\u00edn Esquivel, propuso hacer los cambios de manera escalonada.<\/p>\n\n\n\n<p>En este punto, Esquivel defendi\u00f3 que se impulse un comit\u00e9 t\u00e9cnico que eval\u00fae los conocimientos y perfiles de quienes aspiren a ser juzgadores por el voto popular, aunque se posicion\u00f3 a favor de la reforma.<\/p>\n\n\n\n<p>Pardo Rebolledo sopes\u00f3 que la carrera judicial asegura que los perfiles tienen los conocimientos t\u00e9cnicos para poder impartir justicia en el pa\u00eds, pues defendi\u00f3 que cada juez o magistrado se hace merecedor de su puesto mediante concursos de oposici\u00f3n.<\/p>\n\n\n\n<p>\u201cSolo quienes resultan triunfadores pueden acceder a tan importantes cargos, garantizando de esa manera la objetividad en su designaci\u00f3n\u201d, dijo.<\/p>\n\n\n\n<p>En tanto, la ministra Lenia Batres consider\u00f3 que los \u00f3rganos judiciales han atendido agendas de intereses privados mientras han dejado de lado las resoluciones que permean la vida social.<\/p>\n\n\n\n<p>\u201cHoy las puertas del Poder Judicial est\u00e1n abiertas al tr\u00e1fico de influencias y cerradas al pueblo de M\u00e9xico, el Poder Judicial es independiente de la ciudadan\u00eda, no de los poderes f\u00e1cticos\u201d, coment\u00f3.<\/p>\n\n\n\n<p>Por su parte, el ministro Juan Luis Gonz\u00e1lez Alc\u00e1ntara sostuvo que la poblaci\u00f3n acudi\u00f3 a las mesas de votaci\u00f3n el pasado 2 de junio \u201cno para votar esta reforma en espec\u00edfico, pero s\u00ed para apoyar un modelo nacional que exija la justicia como un valor primordial\u201d.<\/p>\n\n\n\n<p>Por ello, afirm\u00f3 que los cambios legales propuestos no ofrecen \u201cuna soluci\u00f3n integral de los problemas que aquejan a la justicia de nuestro pa\u00eds\u201d.<\/p>\n\n\n\n<p>En tanto, el coordinador de los legisladores del gobernante Movimiento Regeneraci\u00f3n Nacional (Morena), Ignacio Mier, adelant\u00f3 que algunos cambios legales son \u201cirreductibles\u201d como la separaci\u00f3n del Supremo mexicano del CJF, la elecci\u00f3n de juzgadores por el voto y los cambios al Consejo de la Judicatura.<\/p>\n\n\n\n<p>(Con informaci\u00f3n de EFE, en L\u00f3pez-D\u00f3riga Digital)<\/p>\n","protected":false},"excerpt":{"rendered":"<p>Redacci\u00f3n\/Zona Roja Cdmx. Ciudad de M\u00e9xico, a 28 de junio de 2024.- La propuesta de&hellip;<\/p>\n","protected":false},"author":2,"featured_media":69868,"comment_status":"closed","ping_status":"open","sticky":false,"template":"","format":"standard","meta":{"_lmt_disableupdate":"","_lmt_disable":"","_jetpack_memberships_contains_paid_content":false,"footnotes":""},"categories":[109,47],"tags":[],"class_list":["post-69867","post","type-post","status-publish","format-standard","has-post-thumbnail","hentry","category-minuto-a-minuto","category-zona-gris"],"jetpack_featured_media_url":"https:\/\/zonaroja.com.mx\/wp-content\/uploads\/2024\/06\/Foro-Reforma-Judicial.jpg","jetpack_sharing_enabled":true,"_links":{"self":[{"href":"https:\/\/zonaroja.com.mx\/index.php?rest_route=\/wp\/v2\/posts\/69867","targetHints":{"allow":["GET"]}}],"collection":[{"href":"https:\/\/zonaroja.com.mx\/index.php?rest_route=\/wp\/v2\/posts"}],"about":[{"href":"https:\/\/zonaroja.com.mx\/index.php?rest_route=\/wp\/v2\/types\/post"}],"author":[{"embeddable":true,"href":"https:\/\/zonaroja.com.mx\/index.php?rest_route=\/wp\/v2\/users\/2"}],"replies":[{"embeddable":true,"href":"https:\/\/zonaroja.com.mx\/index.php?rest_route=%2Fwp%2Fv2%2Fcomments&post=69867"}],"version-history":[{"count":1,"href":"https:\/\/zonaroja.com.mx\/index.php?rest_route=\/wp\/v2\/posts\/69867\/revisions"}],"predecessor-version":[{"id":69869,"href":"https:\/\/zonaroja.com.mx\/index.php?rest_route=\/wp\/v2\/posts\/69867\/revisions\/69869"}],"wp:featuredmedia":[{"embeddable":true,"href":"https:\/\/zonaroja.com.mx\/index.php?rest_route=\/wp\/v2\/media\/69868"}],"wp:attachment":[{"href":"https:\/\/zonaroja.com.mx\/index.php?rest_route=%2Fwp%2Fv2%2Fmedia&parent=69867"}],"wp:term":[{"taxonomy":"category","embeddable":true,"href":"https:\/\/zonaroja.com.mx\/index.php?rest_route=%2Fwp%2Fv2%2Fcategories&post=69867"},{"taxonomy":"post_tag","embeddable":true,"href":"https:\/\/zonaroja.com.mx\/index.php?rest_route=%2Fwp%2Fv2%2Ftags&post=69867"}],"curies":[{"name":"wp","href":"https:\/\/api.w.org\/{rel}","templated":true}]}}