{"id":69870,"date":"2024-06-28T19:18:14","date_gmt":"2024-06-29T01:18:14","guid":{"rendered":"https:\/\/zonaroja.com.mx\/?p=69870"},"modified":"2024-06-28T19:18:16","modified_gmt":"2024-06-29T01:18:16","slug":"astronauta-oaxaquena-monica-ortiz-alvarez-sera-reconocida-por-la-onu","status":"publish","type":"post","link":"https:\/\/zonaroja.com.mx\/?p=69870","title":{"rendered":"Astronauta oaxaque\u00f1a M\u00f3nica Ortiz \u00c1lvarez ser\u00e1 reconocida por la ONU\u00a0"},"content":{"rendered":"\n<p>Redacci\u00f3n\/Zona Roja.<\/p>\n\n\n\n<p>Oaxaca de Ju\u00e1rez, Oax., a 28 de junio de 2024.- La oaxaque\u00f1a M\u00f3nica Ortiz \u00c1lvarez, de 26 a\u00f1os de edad, ser\u00e1 reconocida como uno de los rostros cambiantes de la ciencia y la tecnolog\u00eda a nivel mundial por la Oficina de las Naciones Unidas en Ginebra (UN Geneva), la Organizaci\u00f3n Europea para la Investigaci\u00f3n Nuclear (CERN) y la Uni\u00f3n Internacional de Telecomunicaciones.&nbsp;<\/p>\n\n\n\n<p>Originaria del municipio de San Bartolo Coyotepec, Ortiz \u00c1lvarez es la primera comandante Astronauta An\u00e1loga de Oaxaca y se destaca por su contribuci\u00f3n al sector espacial en M\u00e9xico y Latinoam\u00e9rica.&nbsp;<\/p>\n\n\n\n<p>Este prestigioso reconocimiento busca mostrar los rostros cambiantes de las mujeres l\u00edderes en el sector de la ciencia y la tecnolog\u00eda a nivel mundial, reconoci\u00e9ndolas mediante una incre\u00edble &nbsp;exposici\u00f3n &nbsp;titulada \u201cNot a Woman &#8216;s Job?\u201d, la cual se inaugurar\u00e1 a principios de julio en el Palacio de las Naciones en Ginebra, Suiza.<\/p>\n\n\n\n<p>La Oficina de las Naciones Unidas en &nbsp;Ginebra busca resaltar el creciente compromiso de las mujeres y modificar las percepciones predominantes sobre las carreras STEM en el mundo.<\/p>\n\n\n\n<p>Dicho reconocimiento presentar\u00e1 &nbsp;los logros y las historias de mujeres que han superado barreras en la ciencia y la tecnolog\u00eda a lo largo de su trayectoria. Su objetivo es desafiar los estereotipos existentes y resaltar los roles vitales que desempe\u00f1an las mujeres como Monica &nbsp;en \u00e1reas generalmente dominadas por hombres.<\/p>\n\n\n\n<p>Ortiz \u00c1lvarez ha sido una figura clave en la promoci\u00f3n y desarrollo de proyectos de alto impacto en el \u00e1mbito aeroespacial. En 2023 se convirti\u00f3 en la Comandante de la Primera Misi\u00f3n Latinoamericana de Investigaci\u00f3n An\u00e1loga de Marte en Espa\u00f1a, \u201cPrincipia\u201d.&nbsp;<\/p>\n\n\n\n<p>Este logro ha fomentado la formaci\u00f3n de capital humano en \u00e1reas STEM en Latinoam\u00e9rica y ha impulsado la investigaci\u00f3n aeroespacial entre los j\u00f3venes, promoviendo al mismo tiempo la preservaci\u00f3n de los ecosistemas naturales extremos para el estudio y desarrollo de las ciencias espaciales y la creaci\u00f3n de nuevas tecnolog\u00edas para el beneficio de la humanidad en la tierra y en el espacio.&nbsp;<\/p>\n\n\n\n<p>Ortiz \u00c1lvarez dirige varias instituciones y asociaciones en el sector cient\u00edfico-tecnol\u00f3gico espacial. Es presidenta juvenil de la Fundaci\u00f3n Acerc\u00e1ndote al Universo, el ecosistema aeroespacial m\u00e1s importante en Am\u00e9rica Latina, aliado con instituciones como la Agencia Espacial Mexicana (AEM) y la Secretar\u00eda de Relaciones Exteriores, entre otras.&nbsp;<\/p>\n\n\n\n<p>Su destacada trayectoria y esfuerzos han sido reconocidos en m\u00faltiples ocasiones. En 2024, fue galardonada por el H. Congreso del Estado de Oaxaca en la categor\u00eda de \u201cMujer en la Ciencia y la Tecnolog\u00eda\u201d.&nbsp;<\/p>\n\n\n\n<p>Tambi\u00e9n fue nombrada una de las \u201c31 Mujeres que Amamos\u201d por la revista \u201cQui\u00e9n\u201d y Grupo Expansi\u00f3n, patrocinado por la marca de lujo Lanc\u00f4me. Adem\u00e1s, el Instituto Nacional de las Mujeres (Inmujeres) la reconoci\u00f3 como una de las \u201cMexicanas que Inspiran\u201d, y The Global School for the New Leadership la seleccion\u00f3 como \u201cMujer Aut\u00e9ntica 2024\u201d, un reconocimiento entregado en Viena, Austria.&nbsp;<\/p>\n\n\n\n<p>Recientemente, Ortiz \u00c1lvarez obtuvo el grado de \u201cGran Maestre Honoris Causa\u201d por parte del Claustro Doctoral Hispanomundial de L\u00edderes Globales Honoris Causa, reafirmando su posici\u00f3n como miembro de honor de dicha instituci\u00f3n. <\/p>\n\n\n\n<p>La comunidad internacional en Ginebra celebra su \u00e9xito y compromiso, viendo en ella un ejemplo inspirador de c\u00f3mo las mujeres pueden romper barreras y liderar en el campo de la ciencia y la tecnolog\u00eda. El reconocimiento se llevar\u00e1 a cabo durante los primeros d\u00edas de julio.<\/p>\n","protected":false},"excerpt":{"rendered":"<p>Redacci\u00f3n\/Zona Roja. Oaxaca de Ju\u00e1rez, Oax., a 28 de junio de 2024.- La oaxaque\u00f1a M\u00f3nica&hellip;<\/p>\n","protected":false},"author":2,"featured_media":69871,"comment_status":"closed","ping_status":"open","sticky":false,"template":"","format":"standard","meta":{"_lmt_disableupdate":"","_lmt_disable":"","_jetpack_memberships_contains_paid_content":false,"footnotes":""},"categories":[109,46],"tags":[3983],"class_list":["post-69870","post","type-post","status-publish","format-standard","has-post-thumbnail","hentry","category-minuto-a-minuto","category-zona-blanca","tag-monica-ortiz-alvarez"],"jetpack_featured_media_url":"https:\/\/zonaroja.com.mx\/wp-content\/uploads\/2024\/06\/Astronauta-Monica-Ortiz-Alvarez.jpg","jetpack_sharing_enabled":true,"_links":{"self":[{"href":"https:\/\/zonaroja.com.mx\/index.php?rest_route=\/wp\/v2\/posts\/69870","targetHints":{"allow":["GET"]}}],"collection":[{"href":"https:\/\/zonaroja.com.mx\/index.php?rest_route=\/wp\/v2\/posts"}],"about":[{"href":"https:\/\/zonaroja.com.mx\/index.php?rest_route=\/wp\/v2\/types\/post"}],"author":[{"embeddable":true,"href":"https:\/\/zonaroja.com.mx\/index.php?rest_route=\/wp\/v2\/users\/2"}],"replies":[{"embeddable":true,"href":"https:\/\/zonaroja.com.mx\/index.php?rest_route=%2Fwp%2Fv2%2Fcomments&post=69870"}],"version-history":[{"count":1,"href":"https:\/\/zonaroja.com.mx\/index.php?rest_route=\/wp\/v2\/posts\/69870\/revisions"}],"predecessor-version":[{"id":69872,"href":"https:\/\/zonaroja.com.mx\/index.php?rest_route=\/wp\/v2\/posts\/69870\/revisions\/69872"}],"wp:featuredmedia":[{"embeddable":true,"href":"https:\/\/zonaroja.com.mx\/index.php?rest_route=\/wp\/v2\/media\/69871"}],"wp:attachment":[{"href":"https:\/\/zonaroja.com.mx\/index.php?rest_route=%2Fwp%2Fv2%2Fmedia&parent=69870"}],"wp:term":[{"taxonomy":"category","embeddable":true,"href":"https:\/\/zonaroja.com.mx\/index.php?rest_route=%2Fwp%2Fv2%2Fcategories&post=69870"},{"taxonomy":"post_tag","embeddable":true,"href":"https:\/\/zonaroja.com.mx\/index.php?rest_route=%2Fwp%2Fv2%2Ftags&post=69870"}],"curies":[{"name":"wp","href":"https:\/\/api.w.org\/{rel}","templated":true}]}}