{"id":69873,"date":"2024-06-28T20:23:36","date_gmt":"2024-06-29T02:23:36","guid":{"rendered":"https:\/\/zonaroja.com.mx\/?p=69873"},"modified":"2024-06-28T20:32:46","modified_gmt":"2024-06-29T02:32:46","slug":"quita-gobierno-de-la-4t-otro-inmueble-a-priistas-hay-resistencias","status":"publish","type":"post","link":"https:\/\/zonaroja.com.mx\/?p=69873","title":{"rendered":"Quita gobierno de la 4T otro inmueble a priistas; hay resistencias"},"content":{"rendered":"\n<p>Ismael Garc\u00eda M.\/Zona Roja.<\/p>\n\n\n\n<p>Oaxaca de Ju\u00e1rez, Oax., a 28 de junio de 2024.- El gobierno de la llamada Cuarta Transformaci\u00f3n quit\u00f3 otro inmueble al Partido Revolucionario Institucional en la ciudad de Oaxaca.<\/p>\n\n\n\n<p>Ahora fue la sede de la Liga de Comunidades Agrarias y Sindicatos Campesinos, dependiente de la Confederaci\u00f3n Nacional Campesina (CNC), ubicada en la primera calle de Leandro Valle, del centro de la capital.<\/p>\n\n\n\n<p>No obstante, contrario a la ocasi\u00f3n anterior con el inmueble de la Confederaci\u00f3n Nacional de Organizaciones Populares (CNOP), en este caso el dirigente cenecista Amando Demetrio Boh\u00f3rquez, apoyado por la ex diputada local Margarita Liborio, opusieron resistencia y se entregaban a entregar el edificio, de dos plantas. Adem\u00e1s, s\u00f3lo por redes sociales, la dirigencia del PRI conden\u00f3 el hecho.<\/p>\n\n\n\n<p>Poco despu\u00e9s del mediod\u00eda, el titular de la Consejer\u00eda Jur\u00eddica y Asistencia Legal, Geovany V\u00e1squez Sagrero, arrib\u00f3 acompa\u00f1ado de un dispositivo policiaco, para notificar la conclusi\u00f3n del comodato y recuperar el edificio que por m\u00e1s de 20 a\u00f1os hab\u00eda tenido en su poder la organizaci\u00f3n priista.<\/p>\n\n\n\n<p>Sin embargo, el reducido grupo de cenetistas se resisti\u00f3 a dejar el inmueble: Demetrio Boh\u00f3rquez argument\u00f3 primero que no era un comodato, aunque despu\u00e9s lo reconoci\u00f3.<\/p>\n\n\n\n<p>En tanto, algunos presentes en el inmueble opusieron resistencia, por lo cual fue necesaria la intervenci\u00f3n policiaca, sin uso de la fuerza, para permitir el paso.<\/p>\n\n\n\n<p>De acuerdo con V\u00e1squez Sagrero, hay documentos que corroboran que el inmueble fue otorgado en comodato por el entonces gobernador Diodoro Carrasco Altamirano, a la entonces dirigente nacional de la CNC, Beatriz Paredes.<\/p>\n\n\n\n<p>En el sexenio siguiente, Jos\u00e9 Murat efectu\u00f3 varias remodelaciones al sitio e incluso construy\u00f3 en el interior un auditorio.<\/p>\n\n\n\n<p>El consejero Jur\u00eddico agreg\u00f3 que para concretar la recuperaci\u00f3n del edificio, acudi\u00f3 personal de la Direcci\u00f3n de Patrimonio de la Secretar\u00eda de Administraci\u00f3n, actuarios y un notario. Ser\u00e1 el pr\u00f3ximo 1 de julio en que el personal acuda a recuperar sus bienes muebles en cuanto comprueben que son de su propiedad, as\u00ed como documentos personales.<\/p>\n\n\n\n<p>En el noticiario radiof\u00f3nico de Radio ORO, V\u00e1squez Sagrero detall\u00f3 que algunas \u00e1reas del inmueble se daban en renta, as\u00ed como el patio principal, para festividades, lo que representa un usufructo por parte de los priistas en un bien que es p\u00fablico.<\/p>\n\n\n\n<p>V\u00eda redes sociales, el dirigente del PRI, Javier Casique, reproch\u00f3:<\/p>\n\n\n\n<p>\u201cEl Comit\u00e9 Directivo Estatal, sectores y organizaciones del Partido Revolucionario Institucional (PRI) en Oaxaca rechazamos el uso de la fuerza p\u00fablica para dirimir cualquier controversia social y pol\u00edtica, en especial, en contra de una instituci\u00f3n como es nuestra gloriosa organizaci\u00f3n campesina, la CNC Oaxaca.<\/p>\n\n\n\n<p>\u201cEstamos enterados de un intento de desalojo con elementos policiacos, sin conocimiento de juicio o razones legales al respecto y, en especial, sin que se recurra a la conciliaci\u00f3n y el di\u00e1logo, que evite riesgos a la integridad f\u00edsica de nuestras compa\u00f1eras y compa\u00f1eros de la CNC Oaxaca, que se encuentran al interior del inmueble y cuya posesi\u00f3n han tenido de forma ininterrumpida y pac\u00edfica por a\u00f1os.<\/p>\n\n\n\n<p>\u201cLlamamos al gobierno del Estado para que no se realice un acto arbitrario y exigimos respeto a nuestras compa\u00f1eras y compa\u00f1eros cenecistas\u201d.<\/p>\n\n\n\n<p>Pese a ello, previa detenci\u00f3n de Amando Demetrio y dos personas m\u00e1s, por la tarde-noche el inmueble qued\u00f3 totalmente bajo resguardo policiaco; en tanto, algunos priistas argumentaron que hubo violencia.<\/p>\n","protected":false},"excerpt":{"rendered":"<p>Ismael Garc\u00eda M.\/Zona Roja. Oaxaca de Ju\u00e1rez, Oax., a 28 de junio de 2024.- El&hellip;<\/p>\n","protected":false},"author":2,"featured_media":69874,"comment_status":"closed","ping_status":"open","sticky":false,"template":"","format":"standard","meta":{"_lmt_disableupdate":"","_lmt_disable":"","_jetpack_memberships_contains_paid_content":false,"footnotes":""},"categories":[109,47],"tags":[3984],"class_list":["post-69873","post","type-post","status-publish","format-standard","has-post-thumbnail","hentry","category-minuto-a-minuto","category-zona-gris","tag-cnc-oaxaca"],"jetpack_featured_media_url":"https:\/\/zonaroja.com.mx\/wp-content\/uploads\/2024\/06\/Gobierno-recupera-sede-de-la-CNC.jpeg","jetpack_sharing_enabled":true,"_links":{"self":[{"href":"https:\/\/zonaroja.com.mx\/index.php?rest_route=\/wp\/v2\/posts\/69873","targetHints":{"allow":["GET"]}}],"collection":[{"href":"https:\/\/zonaroja.com.mx\/index.php?rest_route=\/wp\/v2\/posts"}],"about":[{"href":"https:\/\/zonaroja.com.mx\/index.php?rest_route=\/wp\/v2\/types\/post"}],"author":[{"embeddable":true,"href":"https:\/\/zonaroja.com.mx\/index.php?rest_route=\/wp\/v2\/users\/2"}],"replies":[{"embeddable":true,"href":"https:\/\/zonaroja.com.mx\/index.php?rest_route=%2Fwp%2Fv2%2Fcomments&post=69873"}],"version-history":[{"count":3,"href":"https:\/\/zonaroja.com.mx\/index.php?rest_route=\/wp\/v2\/posts\/69873\/revisions"}],"predecessor-version":[{"id":69877,"href":"https:\/\/zonaroja.com.mx\/index.php?rest_route=\/wp\/v2\/posts\/69873\/revisions\/69877"}],"wp:featuredmedia":[{"embeddable":true,"href":"https:\/\/zonaroja.com.mx\/index.php?rest_route=\/wp\/v2\/media\/69874"}],"wp:attachment":[{"href":"https:\/\/zonaroja.com.mx\/index.php?rest_route=%2Fwp%2Fv2%2Fmedia&parent=69873"}],"wp:term":[{"taxonomy":"category","embeddable":true,"href":"https:\/\/zonaroja.com.mx\/index.php?rest_route=%2Fwp%2Fv2%2Fcategories&post=69873"},{"taxonomy":"post_tag","embeddable":true,"href":"https:\/\/zonaroja.com.mx\/index.php?rest_route=%2Fwp%2Fv2%2Ftags&post=69873"}],"curies":[{"name":"wp","href":"https:\/\/api.w.org\/{rel}","templated":true}]}}