{"id":69881,"date":"2024-06-29T06:30:27","date_gmt":"2024-06-29T12:30:27","guid":{"rendered":"https:\/\/zonaroja.com.mx\/?p=69881"},"modified":"2024-06-29T06:30:29","modified_gmt":"2024-06-29T12:30:29","slug":"asesinan-a-otro-periodista-en-mexico-ahora-fue-en-chiapas","status":"publish","type":"post","link":"https:\/\/zonaroja.com.mx\/?p=69881","title":{"rendered":"Asesinan a otro periodista en M\u00e9xico; ahora fue en Chiapas"},"content":{"rendered":"\n<p>Redacci\u00f3n\/Zona Roja Cdmx. Foto: Estado Red.<\/p>\n\n\n\n<p>Ciudad de M\u00e9xico, a 29 de junio de 2024.- El periodista V\u00edctor Alonso Morales, director del medio de comunicaci\u00f3n \u2018Realidades\u2019, fue hallado sin vida la ma\u00f1ana de este viernes en el tramo carretero de la autopista Ocozocoautla-Arriaga.<\/p>\n\n\n\n<p>La madrugada de ayer se report\u00f3 el hallazgo del cuerpo de una persona del sexo masculino sobre la cuneta de la carpeta asf\u00e1ltica de la autopista Ocozocoautla-Arriaga, a la altura del Kil\u00f3metro 20+400, en las inmediaciones del ejido Tierra y Libertad, en el municipio de Jiquipilas.<\/p>\n\n\n\n<p>El comunicador vest\u00eda playera celeste, pantal\u00f3n de mezclilla azul y tenis negros. Se encontraba atado de manos y ten\u00eda la cabeza cubierta con una manta negra.<\/p>\n\n\n\n<p>El cuerpo fue levantado por las autoridades y llevado al Servicio Medico Forense (SEMEFO) de Cintalapa por agentes periciales de la Fiscal\u00eda General del Estado (FGE) hasta donde llegaron sus familiares y lograron identificar que se trataba de V\u00edctor Alonso Morales, director del medio digital \u2018Realidades\u2019.<\/p>\n\n\n\n<p>Sus colegas periodistas de Cintalapa tambi\u00e9n confirmaron que efectivamente el cuerpo hallado y que permaneci\u00f3 por varias horas en calidad de desconocido era el de V\u00edctor Morales.<\/p>\n\n\n\n<p>Originario de San Crist\u00f3bal de Las Casas, V\u00edctor Morales, quien firmaba como director de \u2018Realidades\u2019, radicaba en Cintalapa, donde estaba casado y era padre de dos peque\u00f1os hijos.<\/p>\n\n\n\n<p>Hasta la tarde de ayer, las autoridades estatales no hab\u00edan dicho nada sobre el asesinato del periodista de forma oficial.<\/p>\n\n\n\n<p>V\u00edctor Morales se suma a la lista de periodistas asesinados en Chiapas, Fredy L\u00f3pez Ar\u00e9valo el 28 de octubre del 2021 y Mario Leonel G\u00f3mez S\u00e1nchez el 21 de septiembre del 2018. Cr\u00edmenes que hasta ahora siguen en la impunidad.<\/p>\n\n\n\n<p>(Informaci\u00f3n de \u201cEl Financiero\u201d)<\/p>\n","protected":false},"excerpt":{"rendered":"<p>Redacci\u00f3n\/Zona Roja Cdmx. Foto: Estado Red. Ciudad de M\u00e9xico, a 29 de junio de 2024.-&hellip;<\/p>\n","protected":false},"author":2,"featured_media":69882,"comment_status":"closed","ping_status":"open","sticky":false,"template":"","format":"standard","meta":{"_lmt_disableupdate":"","_lmt_disable":"","_jetpack_memberships_contains_paid_content":false,"footnotes":""},"categories":[109,47],"tags":[3985],"class_list":["post-69881","post","type-post","status-publish","format-standard","has-post-thumbnail","hentry","category-minuto-a-minuto","category-zona-gris","tag-victor-alonso-morales"],"jetpack_featured_media_url":"https:\/\/zonaroja.com.mx\/wp-content\/uploads\/2024\/06\/Periodista-Victor-Alonso-Morales.jpeg","jetpack_sharing_enabled":true,"_links":{"self":[{"href":"https:\/\/zonaroja.com.mx\/index.php?rest_route=\/wp\/v2\/posts\/69881","targetHints":{"allow":["GET"]}}],"collection":[{"href":"https:\/\/zonaroja.com.mx\/index.php?rest_route=\/wp\/v2\/posts"}],"about":[{"href":"https:\/\/zonaroja.com.mx\/index.php?rest_route=\/wp\/v2\/types\/post"}],"author":[{"embeddable":true,"href":"https:\/\/zonaroja.com.mx\/index.php?rest_route=\/wp\/v2\/users\/2"}],"replies":[{"embeddable":true,"href":"https:\/\/zonaroja.com.mx\/index.php?rest_route=%2Fwp%2Fv2%2Fcomments&post=69881"}],"version-history":[{"count":1,"href":"https:\/\/zonaroja.com.mx\/index.php?rest_route=\/wp\/v2\/posts\/69881\/revisions"}],"predecessor-version":[{"id":69883,"href":"https:\/\/zonaroja.com.mx\/index.php?rest_route=\/wp\/v2\/posts\/69881\/revisions\/69883"}],"wp:featuredmedia":[{"embeddable":true,"href":"https:\/\/zonaroja.com.mx\/index.php?rest_route=\/wp\/v2\/media\/69882"}],"wp:attachment":[{"href":"https:\/\/zonaroja.com.mx\/index.php?rest_route=%2Fwp%2Fv2%2Fmedia&parent=69881"}],"wp:term":[{"taxonomy":"category","embeddable":true,"href":"https:\/\/zonaroja.com.mx\/index.php?rest_route=%2Fwp%2Fv2%2Fcategories&post=69881"},{"taxonomy":"post_tag","embeddable":true,"href":"https:\/\/zonaroja.com.mx\/index.php?rest_route=%2Fwp%2Fv2%2Ftags&post=69881"}],"curies":[{"name":"wp","href":"https:\/\/api.w.org\/{rel}","templated":true}]}}