{"id":69884,"date":"2024-06-29T09:00:00","date_gmt":"2024-06-29T15:00:00","guid":{"rendered":"https:\/\/zonaroja.com.mx\/?p=69884"},"modified":"2024-06-29T06:46:01","modified_gmt":"2024-06-29T12:46:01","slug":"alistan-donaji-la-leyenda-espectaculo-dancistico-de-oaxaca","status":"publish","type":"post","link":"https:\/\/zonaroja.com.mx\/?p=69884","title":{"rendered":"Alistan \u201cDonaj\u00ed, la leyenda\u201d, espect\u00e1culo danc\u00edstico de Oaxaca"},"content":{"rendered":"\n<p>Redacci\u00f3n\/Zona Roja.<\/p>\n\n\n\n<p>Oaxaca de Ju\u00e1rez,Oax., a 29 de junio de 2024.- El ayuntamiento de Oaxaca de Ju\u00e1rez anunci\u00f3&nbsp; la presentaci\u00f3n de \u00abDonaj\u00ed, la leyenda\u00bb, que se llevar\u00e1 a cabo los d\u00edas 21 y 28 de julio en el auditorio del cerro del \u201cFort\u00edn\u201d. Este evento cultural, que antecede a la Guelaguetza, destaca como uno de los espect\u00e1culos m\u00e1s importantes de la ciudad.<\/p>\n\n\n\n<p>En conferencia de prensa para presentar la edici\u00f3n 2024, el presidente municipal, Francisco Mart\u00ednez Neri, inform\u00f3 que el ayuntamiento, como cada a\u00f1o organiza esta gran funci\u00f3n que es parte integral de la historia oaxaque\u00f1a y que tiene como objetivo seguir impulsando la cultura local y mostrarla al mundo.<\/p>\n\n\n\n<p>\u201cOaxaca en el mes de julio va a ser centro de atenci\u00f3n del pa\u00eds por sus manifestaciones culturales, como \u2018Donaj\u00ed, la leyenda\u2019. Oaxaca es el coraz\u00f3n cultural, como dice el Presidente de la Rep\u00fablica. La presentaci\u00f3n de esta obra es una demostraci\u00f3n de toda la riqueza que hay en nuestro estado y que nos coloca en un lugar significativo y valioso\u201d, se\u00f1al\u00f3 el edil capitalino.&nbsp;<\/p>\n\n\n\n<p>Asimismo, el secretario de Fomento Tur\u00edstico, \u00c1ngel Norberto Osorio Morales, destac\u00f3 que se espera la asistencia de 22 mil 322 personas entre las dos funciones, de las cuales alrededor del 60%, es decir, 12 mil 626 espectadores podr\u00e1n disfrutar del espect\u00e1culo de manera gratuita.<\/p>\n\n\n\n<p>Mart\u00ednez Neri, invit\u00f3 a la comunidad local y a los visitantes a disfrutar de este espectacular evento que enaltece al estado.<\/p>\n\n\n\n<figure class=\"wp-block-embed is-type-rich is-provider-twitter wp-block-embed-twitter\"><div class=\"wp-block-embed__wrapper\">\n<div class=\"twitter-tweet\"><blockquote class=\"twitter-tweet\" data-lang=\"es\"><p lang=\"es\" dir=\"ltr\">\u201cEn el mes de julio, <a href=\"https:\/\/twitter.com\/hashtag\/Oaxaca?src=hash&amp;ref_src=twsrc%5Etfw\">#Oaxaca<\/a> vuelve a ser el centro del pa\u00eds\u201d.<br><br>El presidente municipal <a href=\"https:\/\/twitter.com\/FMartinezNeri?ref_src=twsrc%5Etfw\">@FMartinezNeri<\/a> invit\u00f3 a las y los oaxaque\u00f1os, as\u00ed como a los turistas, a disfrutar de la presentaci\u00f3n de \u201cDonaj\u00ed, la leyenda\u201d y de las fiestas de la <a href=\"https:\/\/twitter.com\/hashtag\/Guelaguetza2024?src=hash&amp;ref_src=twsrc%5Etfw\">#Guelaguetza2024<\/a>.<br><br>Garantizo que habr\u00e1\u2026 <a href=\"https:\/\/t.co\/12y397dw03\">pic.twitter.com\/12y397dw03<\/a><\/p>&mdash; Zona Roja Oaxaca (@ZonaRoja_Oaxaca) <a href=\"https:\/\/twitter.com\/ZonaRoja_Oaxaca\/status\/1806726622411903007?ref_src=twsrc%5Etfw\">28 de junio de 2024<\/a><\/blockquote><\/div>\n<\/div><\/figure>\n\n\n\n<p>\u201cDonaj\u00ed, la leyenda\u00bb se ha convertido en uno de los imperdibles para los visitantes y para todas las familias oaxaque\u00f1as. Es un espect\u00e1culo totalmente sustentable, ya que la inversi\u00f3n se recupera a trav\u00e9s de la venta de boletos. Hacemos esta atenta invitaci\u00f3n a que se acerquen a disfrutar esta leyenda. Tambi\u00e9n habr\u00e1 un programa art\u00edstico previo, desde las 16:00 horas\u201d,&nbsp;resalt\u00f3 \u00c1ngel Osorio.<\/p>\n\n\n\n<p>\u00abDonaj\u00ed, la leyenda\u00bb es una representaci\u00f3n danc\u00edstica y musical de gran formato que lleva cuatro d\u00e9cadas present\u00e1ndose en el auditorio \u201cGuelaguetza\u201d. La obra, dirigida por el maestro Fernando Rosales y ejecutada por el Ballet Folkl\u00f3rico de Oaxaca, narra la leyenda de la princesa zapoteca Donaj\u00ed, quien se sacrific\u00f3 por amor a su pueblo.<\/p>\n\n\n\n<p>Este evento es el segundo espect\u00e1culo m\u00e1s visto en Oaxaca, s\u00f3lo despu\u00e9s de la Guelaguetza, constituye una parte fundamental de las festividades de julio y es un referente notable de la participaci\u00f3n del ayuntamiento de Oaxaca de Ju\u00e1rez en la promoci\u00f3n de la cultura local.<\/p>\n\n\n\n<p>En el evento participar\u00e1n m\u00e1s de 90 bailarines en escena, mismos que se han preparado arduamente durante meses para ofrecer al p\u00fablico un espect\u00e1culo de calidad internacional.<\/p>\n\n\n\n<p>EL DATO<\/p>\n\n\n\n<p>Fechas y horarios: 21 y 28 de julio de 2024, a las 20:00 horas.<\/p>\n\n\n\n<p>Lugar: auditorio \u201cGuelaguetza\u201d.<\/p>\n\n\n\n<p>Venta de boletos: A partir del 28 de junio en la plataforma Superboletos y en el palacio municipal, en un horario de 09:00 a 17:00 horas. Desde el 10 de julio, los boletos tambi\u00e9n estar\u00e1n disponibles en la explanada de Santo Domingo y la Alameda de Le\u00f3n en los m\u00f3dulos de atenci\u00f3n tur\u00edstica.&nbsp;<\/p>\n\n\n\n<p>Precios de boletos: Secci\u00f3n A: $450;&nbsp; Secci\u00f3n B: $400; Secciones C y D ser\u00e1n gratuitas.<\/p>\n","protected":false},"excerpt":{"rendered":"<p>Redacci\u00f3n\/Zona Roja. Oaxaca de Ju\u00e1rez,Oax., a 29 de junio de 2024.- El ayuntamiento de Oaxaca&hellip;<\/p>\n","protected":false},"author":2,"featured_media":69885,"comment_status":"closed","ping_status":"open","sticky":false,"template":"","format":"standard","meta":{"_lmt_disableupdate":"","_lmt_disable":"","_jetpack_memberships_contains_paid_content":false,"footnotes":""},"categories":[109,46],"tags":[148],"class_list":["post-69884","post","type-post","status-publish","format-standard","has-post-thumbnail","hentry","category-minuto-a-minuto","category-zona-blanca","tag-oaxaca-de-juarez"],"jetpack_featured_media_url":"https:\/\/zonaroja.com.mx\/wp-content\/uploads\/2024\/06\/Conferencia-Donaji-La-Leyenda.jpeg","jetpack_sharing_enabled":true,"_links":{"self":[{"href":"https:\/\/zonaroja.com.mx\/index.php?rest_route=\/wp\/v2\/posts\/69884","targetHints":{"allow":["GET"]}}],"collection":[{"href":"https:\/\/zonaroja.com.mx\/index.php?rest_route=\/wp\/v2\/posts"}],"about":[{"href":"https:\/\/zonaroja.com.mx\/index.php?rest_route=\/wp\/v2\/types\/post"}],"author":[{"embeddable":true,"href":"https:\/\/zonaroja.com.mx\/index.php?rest_route=\/wp\/v2\/users\/2"}],"replies":[{"embeddable":true,"href":"https:\/\/zonaroja.com.mx\/index.php?rest_route=%2Fwp%2Fv2%2Fcomments&post=69884"}],"version-history":[{"count":1,"href":"https:\/\/zonaroja.com.mx\/index.php?rest_route=\/wp\/v2\/posts\/69884\/revisions"}],"predecessor-version":[{"id":69886,"href":"https:\/\/zonaroja.com.mx\/index.php?rest_route=\/wp\/v2\/posts\/69884\/revisions\/69886"}],"wp:featuredmedia":[{"embeddable":true,"href":"https:\/\/zonaroja.com.mx\/index.php?rest_route=\/wp\/v2\/media\/69885"}],"wp:attachment":[{"href":"https:\/\/zonaroja.com.mx\/index.php?rest_route=%2Fwp%2Fv2%2Fmedia&parent=69884"}],"wp:term":[{"taxonomy":"category","embeddable":true,"href":"https:\/\/zonaroja.com.mx\/index.php?rest_route=%2Fwp%2Fv2%2Fcategories&post=69884"},{"taxonomy":"post_tag","embeddable":true,"href":"https:\/\/zonaroja.com.mx\/index.php?rest_route=%2Fwp%2Fv2%2Ftags&post=69884"}],"curies":[{"name":"wp","href":"https:\/\/api.w.org\/{rel}","templated":true}]}}