{"id":6989,"date":"2019-12-26T09:41:40","date_gmt":"2019-12-26T15:41:40","guid":{"rendered":"http:\/\/www.zonaroja.com.mx\/?p=6989"},"modified":"2019-12-26T10:21:15","modified_gmt":"2019-12-26T16:21:15","slug":"urge-revision-de-estrategia-de-seguridad-y-aplicacion-de-justicia-en-oaxaca-fsv","status":"publish","type":"post","link":"https:\/\/zonaroja.com.mx\/?p=6989","title":{"rendered":"Urge revisi\u00f3n de estrategia de seguridad y aplicaci\u00f3n de justicia en Oaxaca: FSV"},"content":{"rendered":"\n<p>Redacci\u00f3n\/Zona Roja.<\/p>\n\n\n\n<p>Oaxaca de Ju\u00e1rez, Oax., 26 de diciembre\nde 2019.- El 25 de junio del 2018, faltando seis d\u00edas para las elecciones\nlocales, fue asesinado a balazos el candidato a diputado local por Morena por\nel distrito XXI, Emigdio L\u00f3pez Avenda\u00f1o, y cuatro personas m\u00e1s, en el municipio\nde San Vicente Coatl\u00e1n.<\/p>\n\n\n\n<p>El 1 de enero del 2019, durante la toma\nde protesta como edil de la Heroica Ciudad de Tlaxiaco, fue asesinado a balazos\nAlejandro Aparicio Santiago, electo meses atr\u00e1s, y as\u00ed como resultaron heridos\nsus regidores Perfecto Hern\u00e1ndez y Cleotilde Santos; el primero de ellos\nfalleci\u00f3 horas m\u00e1s tarde.<\/p>\n\n\n\n<p>Pese al tiempo transcurrido, en ninguno\nde los casos anteriores se han dado a conocer avances en las investigaciones\npor parte de la Fiscal\u00eda General del Estado encabezada por Rub\u00e9n Vasconcelos\nM\u00e9ndez y mucho menos se sabe de los autores materiales e intelectuales de los\nhechos.<\/p>\n\n\n\n<p>A excepci\u00f3n de un detenido implicado en\nel asesinato de Alejandro Aparicio que fue captura por la propia poblaci\u00f3n en\nd\u00eda del ataque, precis\u00f3 el integrante de la dirigencia de la organizaci\u00f3n Comuna\nOaxaca, Flavio Sosa Villavicencio.<\/p>\n\n\n\n<p>Lejos de obtener justicia, la violencia pol\u00edtica contin\u00faa y muestra de ello fue la ejecuci\u00f3n del edil de Jalapa de D\u00edaz, Arturo Garc\u00eda Vel\u00e1squez, que se registr\u00f3 el lunes 23 de diciembre en un ataque al interior del convivio del DIF municipal por la temporada decembrina, en el lugar tambi\u00e9n fue abatido el s\u00edndico hacendario Javier Terrero. <\/p>\n\n\n\n<figure class=\"wp-block-embed-twitter wp-block-embed is-type-rich is-provider-twitter\"><div class=\"wp-block-embed__wrapper\">\n<div class=\"twitter-tweet\"><blockquote class=\"twitter-tweet\" data-lang=\"es\"><p lang=\"es\" dir=\"ltr\">El integrante de la direcci\u00f3n de <a href=\"https:\/\/twitter.com\/comunaoax?ref_src=twsrc%5Etfw\">@comunaoax<\/a>, <a href=\"https:\/\/twitter.com\/flaviososavilla?ref_src=twsrc%5Etfw\">@flaviososavilla<\/a>, lament\u00f3 tambi\u00e9n la grave impunidad en Oaxaca; nulos avances en el esclarecimiento de asesinatos de militantes del Partido Morena, afirm\u00f3. <a href=\"https:\/\/t.co\/U2ryKo9EqD\">pic.twitter.com\/U2ryKo9EqD<\/a><\/p>&mdash; Zona Roja Oaxaca (@MexRoja) <a href=\"https:\/\/twitter.com\/MexRoja\/status\/1209643906654040064?ref_src=twsrc%5Etfw\">25 de diciembre de 2019<\/a><\/blockquote><\/div>\n<\/div><\/figure>\n\n\n\n<p>Lo anterior fue cuestionado por el\nintegrante por el ex l\u00edder de la Asamblea de los Pueblos de Oaxaca, quien\nlament\u00f3 la grave impunidad en Oaxaca ya que asegur\u00f3 la cifra de ataques a\nintegrantes de Morena es de m\u00e1s de 10 personas en los \u00faltimos 18 meses.<\/p>\n\n\n\n<p>\u201cOaxaca no puede seguir de esa manera,\nse deben cambiar radicalmente sus pol\u00edticas de seguridad y para eso es necesario\nque se revise lo que se est\u00e1 haciendo, qui\u00e9n est\u00e1 cumpliendo y qui\u00e9n no est\u00e1\ncumpliendo\u201d, dijo el activista.<\/p>\n\n\n\n<p>En entrevista, Sosa Villavicencio\nasegur\u00f3 que es evidente que las autoridades en materia de procuraci\u00f3n de\njusticia no est\u00e1n cumpliendo con su trabajo, ya que la impunidad sigue estando\npresente en cada uno de los casos que ha denunciado Morena y no s\u00f3lo esos, en\ngeneral hace falta en Oaxaca la aplicaci\u00f3n de justicia.<\/p>\n\n\n\n<p>En este sentido, indic\u00f3 que se necesita\nmucho m\u00e1s que la presencia de la Guardia Nacional para atender la crisis en\nmateria de seguridad que se vive actualmente en la entidad y que es parte del\nreflejo de un pa\u00eds en el que el narco se meti\u00f3 hasta las estructuras\ninstituciones en sexenios anteriores como ha sido comprobado recientemente.<\/p>\n\n\n\n<p>OAXACA NO ES ISLA<\/p>\n\n\n\n<p>\u201cOaxaca no es ajeno a lo que sucede a\nnivel nacional donde la delincuencia organizada penetro las estructuras del\nEstado, hoy sabemos que el se\u00f1or Garc\u00eda Luna fue secretario de \u2018El Chapo\u2019,\nestaba a su servicio y en su n\u00f3mina, a esos niveles todas las estructuras\nfueron permeadas, ahora se justifica la no confianza en la polic\u00eda preventiva y\nla creaci\u00f3n de una Guardia Nacional que no est\u00c1 corrompida y esperemos que eso\nde resultados en el corto plazo\u201d, se\u00f1al\u00f3.<\/p>\n\n\n\n<p>El activista insisti\u00f3 en que las\nestructuras del gobierno de Oaxaca deben revisarse ya que podr\u00edan estar cooptadas\npor el crimen organizado y la delincuencia, as\u00ed como revisar la estrategia de\nseguridad para que se vayan las personas que no est\u00e1n cumpliendo con su\ntrabajo.&nbsp; <\/p>\n","protected":false},"excerpt":{"rendered":"<p>Redacci\u00f3n\/Zona Roja. Oaxaca de Ju\u00e1rez, Oax., 26 de diciembre de 2019.- El 25 de junio&hellip;<\/p>\n","protected":false},"author":2,"featured_media":6990,"comment_status":"closed","ping_status":"open","sticky":false,"template":"","format":"standard","meta":{"_lmt_disableupdate":"","_lmt_disable":"","_jetpack_memberships_contains_paid_content":false,"footnotes":""},"categories":[109,47],"tags":[847,685],"class_list":["post-6989","post","type-post","status-publish","format-standard","has-post-thumbnail","hentry","category-minuto-a-minuto","category-zona-gris","tag-comuna-oaxaca","tag-flavio-sosa-villavicencio"],"jetpack_featured_media_url":"https:\/\/zonaroja.com.mx\/wp-content\/uploads\/2019\/12\/Flavio-Sosa.jpg","jetpack_sharing_enabled":true,"_links":{"self":[{"href":"https:\/\/zonaroja.com.mx\/index.php?rest_route=\/wp\/v2\/posts\/6989","targetHints":{"allow":["GET"]}}],"collection":[{"href":"https:\/\/zonaroja.com.mx\/index.php?rest_route=\/wp\/v2\/posts"}],"about":[{"href":"https:\/\/zonaroja.com.mx\/index.php?rest_route=\/wp\/v2\/types\/post"}],"author":[{"embeddable":true,"href":"https:\/\/zonaroja.com.mx\/index.php?rest_route=\/wp\/v2\/users\/2"}],"replies":[{"embeddable":true,"href":"https:\/\/zonaroja.com.mx\/index.php?rest_route=%2Fwp%2Fv2%2Fcomments&post=6989"}],"version-history":[{"count":2,"href":"https:\/\/zonaroja.com.mx\/index.php?rest_route=\/wp\/v2\/posts\/6989\/revisions"}],"predecessor-version":[{"id":6998,"href":"https:\/\/zonaroja.com.mx\/index.php?rest_route=\/wp\/v2\/posts\/6989\/revisions\/6998"}],"wp:featuredmedia":[{"embeddable":true,"href":"https:\/\/zonaroja.com.mx\/index.php?rest_route=\/wp\/v2\/media\/6990"}],"wp:attachment":[{"href":"https:\/\/zonaroja.com.mx\/index.php?rest_route=%2Fwp%2Fv2%2Fmedia&parent=6989"}],"wp:term":[{"taxonomy":"category","embeddable":true,"href":"https:\/\/zonaroja.com.mx\/index.php?rest_route=%2Fwp%2Fv2%2Fcategories&post=6989"},{"taxonomy":"post_tag","embeddable":true,"href":"https:\/\/zonaroja.com.mx\/index.php?rest_route=%2Fwp%2Fv2%2Ftags&post=6989"}],"curies":[{"name":"wp","href":"https:\/\/api.w.org\/{rel}","templated":true}]}}