{"id":69892,"date":"2024-06-29T10:30:00","date_gmt":"2024-06-29T16:30:00","guid":{"rendered":"https:\/\/zonaroja.com.mx\/?p=69892"},"modified":"2024-06-29T15:43:54","modified_gmt":"2024-06-29T21:43:54","slug":"reanudan-busqueda-de-oaxaquenos-desaparecidos-en-sonora","status":"publish","type":"post","link":"https:\/\/zonaroja.com.mx\/?p=69892","title":{"rendered":"Reanudan b\u00fasqueda de oaxaque\u00f1os desaparecidos en Sonora"},"content":{"rendered":"\n<p>Redacci\u00f3n\/Zona Roja.<\/p>\n\n\n\n<p>Oaxaca de Juarez, Oax., a 29 de junio de 2024.- Un grupo de oaxaque\u00f1os, encabezados por el activista Joaqu\u00edn Galv\u00e1n, retorn\u00f3 al estado de Sonora para seguir la b\u00fasqueda de dos originarios de Santo Domingo Tepuxtepec, que desaparecieron desde hace tres meses.<\/p>\n\n\n\n<p>Se trata de Jacobo L\u00f3pez y Leobardo L\u00f3pez, sobrino y t\u00edo, quienes hab\u00edan acudido a trabajar a esa entidad del norte del pa\u00eds, pero de cuyo paradero se desconoce hasta el momento.<\/p>\n\n\n\n<p>El defensor de derechos Joaqu\u00edn Galv\u00e1n lament\u00f3 los nulos resultados de la Fiscal\u00eda General del Estado de Sonora para la b\u00fasqueda de los oaxaque\u00f1os.<\/p>\n\n\n\n<p>Por lo que han sido los propios familiares quienes han tenido que acudir a esa entidad a realizar las propias indagatorias, lo que ha significado gastos de por lo menos 80 mil pesos, cubierto por cooperaciones de la comunidad ind\u00edgena Mixe y de radicados en los Estados Unidos de Norteam\u00e9rica.<\/p>\n\n\n\n<p>Lament\u00f3 la situaci\u00f3n de varios estados del pa\u00eds a donde muchos j\u00f3venes ind\u00edgenas llegan, como Sonora, Tamaulipas, Sinaloa y Baja California, para mejorar sus condiciones de vida bajo esquemas de contrataci\u00f3n y coptaci\u00f3n que facilitan al crimen organizado la obtenci\u00f3n de mano de obra barata para sus fines il\u00edcitos.<\/p>\n\n\n\n<p>\u201c\u00bfQu\u00e9 medidas se han adoptado para que j\u00f3venes ind\u00edgenas regresen a sus tierras? \u00bfC\u00f3mo evitar que el crimen organizado afecte a sus intenciones de mejora de vida?\u201d, reclam\u00f3 Joaqu\u00edn Galv\u00e1n.<\/p>\n","protected":false},"excerpt":{"rendered":"<p>Redacci\u00f3n\/Zona Roja. Oaxaca de Juarez, Oax., a 29 de junio de 2024.- Un grupo de&hellip;<\/p>\n","protected":false},"author":2,"featured_media":66554,"comment_status":"closed","ping_status":"open","sticky":false,"template":"","format":"standard","meta":{"_lmt_disableupdate":"","_lmt_disable":"","_jetpack_memberships_contains_paid_content":false,"footnotes":""},"categories":[109,47],"tags":[3049],"class_list":["post-69892","post","type-post","status-publish","format-standard","has-post-thumbnail","hentry","category-minuto-a-minuto","category-zona-gris","tag-santo-domingo-tepuxtepec"],"jetpack_featured_media_url":"https:\/\/zonaroja.com.mx\/wp-content\/uploads\/2024\/03\/Leobardo-y-Jacobo-Lopez-Tepuxtepec-Mixe.jpg","jetpack_sharing_enabled":true,"_links":{"self":[{"href":"https:\/\/zonaroja.com.mx\/index.php?rest_route=\/wp\/v2\/posts\/69892","targetHints":{"allow":["GET"]}}],"collection":[{"href":"https:\/\/zonaroja.com.mx\/index.php?rest_route=\/wp\/v2\/posts"}],"about":[{"href":"https:\/\/zonaroja.com.mx\/index.php?rest_route=\/wp\/v2\/types\/post"}],"author":[{"embeddable":true,"href":"https:\/\/zonaroja.com.mx\/index.php?rest_route=\/wp\/v2\/users\/2"}],"replies":[{"embeddable":true,"href":"https:\/\/zonaroja.com.mx\/index.php?rest_route=%2Fwp%2Fv2%2Fcomments&post=69892"}],"version-history":[{"count":1,"href":"https:\/\/zonaroja.com.mx\/index.php?rest_route=\/wp\/v2\/posts\/69892\/revisions"}],"predecessor-version":[{"id":69893,"href":"https:\/\/zonaroja.com.mx\/index.php?rest_route=\/wp\/v2\/posts\/69892\/revisions\/69893"}],"wp:featuredmedia":[{"embeddable":true,"href":"https:\/\/zonaroja.com.mx\/index.php?rest_route=\/wp\/v2\/media\/66554"}],"wp:attachment":[{"href":"https:\/\/zonaroja.com.mx\/index.php?rest_route=%2Fwp%2Fv2%2Fmedia&parent=69892"}],"wp:term":[{"taxonomy":"category","embeddable":true,"href":"https:\/\/zonaroja.com.mx\/index.php?rest_route=%2Fwp%2Fv2%2Fcategories&post=69892"},{"taxonomy":"post_tag","embeddable":true,"href":"https:\/\/zonaroja.com.mx\/index.php?rest_route=%2Fwp%2Fv2%2Ftags&post=69892"}],"curies":[{"name":"wp","href":"https:\/\/api.w.org\/{rel}","templated":true}]}}