{"id":69897,"date":"2024-06-29T12:56:00","date_gmt":"2024-06-29T18:56:00","guid":{"rendered":"https:\/\/zonaroja.com.mx\/?p=69897"},"modified":"2024-06-29T08:01:10","modified_gmt":"2024-06-29T14:01:10","slug":"sentencian-a-186-anos-de-prision-a-homicida-de-una-familia-en-juchitan","status":"publish","type":"post","link":"https:\/\/zonaroja.com.mx\/?p=69897","title":{"rendered":"Sentencian a 186 a\u00f1os de prisi\u00f3n a homicida de una familia en Juchit\u00e1n"},"content":{"rendered":"\n<p>Redacci\u00f3n\/Zona Roja.&nbsp;<\/p>\n\n\n\n<p>Oaxaca de Ju\u00e1rez, Oax., a 29 de junio de 2024.- Como parte de las labores de investigaci\u00f3n ministerial para fortalecer las acciones de procuraci\u00f3n de justicia, la&nbsp; Fiscal\u00eda General del Estado de Oaxaca (FGEO) obtuvo una sentencia condenatoria de 186 a\u00f1os de prisi\u00f3n contra una persona del sexo masculino identificado como M.A.J.A. por el delito de Homicidio Calificado con Ventaja y Tentativa de Homicidio Calificado con Ventaja en agravio de una familia, en hechos ocurridos en la regi\u00f3n del Istmo de Tehuantepec.<\/p>\n\n\n\n<p>De acuerdo con la causa penal del caso, los hechos ocurrieron el 6 de febrero de 2022, en un domicilio ubicado en calle David L\u00f3pez Nelio de la colonia Gustavo Pineda de La Cruz en el municipio de Juchit\u00e1n de Zaragoza, lugar donde el imputado lleg\u00f3 a bordo de una unidad de motor, descendi\u00f3 y empu\u00f1\u00f3 un arma de fuego, ingres\u00f3 al hogar y agredi\u00f3 con disparos a las personas que se encontraban en el interior de la vivienda.<\/p>\n\n\n\n<p>En la agresi\u00f3n armada perdieron la vida cuatro personas identificadas como A. V. S., V. V. S., N. E. C. S., y una ni\u00f1a de tres a\u00f1os de edad (cuya identidad es reservada por ley), mientras que J.V.S. sobrevivi\u00f3 aunque result\u00f3 con lesiones de gravedad.<\/p>\n\n\n\n<p>Una vez que la FGEO tom\u00f3 conocimiento del caso a trav\u00e9s de la Vicefiscal\u00eda Regional del Istmo, inici\u00f3 las investigaciones correspondientes y derivado de ello, obtuvo orden de aprehensi\u00f3n contra el imputado quien fue capturado a trav\u00e9s de un operativo interinstitucional para despu\u00e9s llevarlo ante el Juez que lo requiri\u00f3.<\/p>\n\n\n\n<p>En audiencia y tras valorar las pruebas presentadas por la Fiscal\u00eda de Oaxaca, el juez dict\u00f3 186 a\u00f1os de prisi\u00f3n contra M A.J.A., por su responsabilidad en el delito de Homicidio Calificado con Ventaja y Tentativa de Homicidio Calificado con Ventaja, adem\u00e1s que impuso el pago por la cantidad de un mill\u00f3n 519 mil pesos por concepto de reparaci\u00f3n del da\u00f1o.<\/p>\n\n\n\n<p>OTRO SENTENCIADO&nbsp;<\/p>\n\n\n\n<p>En otro logro, la Fiscal\u00eda General obtuvo una sentencia condenatoria por 26 a\u00f1os de prisi\u00f3n en contra de una persona del sexo masculino identificada como G.H.N. al demostrar su responsabilidad en la comisi\u00f3n del delito de violaci\u00f3n tumultuaria en agravio de una adolescente, hechos ocurridos en la regi\u00f3n de la Mixteca.<\/p>\n\n\n\n<p>De acuerdo con el expediente penal del caso, los hechos ocurrieron en la agencia Morelos perteneciente a Santa Cruz Itundujia, cuando la v\u00edctima (cuya identidad est\u00e1 reservada por ley) se encontraba en su domicilio cuando fue agredida sexualmente por G.H.N., conducta que se configura como el delito de violaci\u00f3n tumultuaria.<\/p>\n\n\n\n<p>Despu\u00e9s de recibir la denuncia, la FGEO -a trav\u00e9s de la Vicefiscal\u00eda Regional de la Mixteca- inici\u00f3 las investigaciones correspondientes gracias a las cuales se obtuvo la orden de aprehensi\u00f3n que permiti\u00f3 la detenci\u00f3n del imputado.<\/p>\n\n\n\n<p>Gracias a los resultados del trabajo multidisciplinario alrededor de este delito, el Juez tuvo los elementos jur\u00eddicos con los que se logr\u00f3 establecer la responsabilidad de G.H.N. por lo que dict\u00f3 sentencia condenatoria de 26 a\u00f1os de prisi\u00f3n, as\u00ed como el pago de una multa y la reparaci\u00f3n del da\u00f1o.<\/p>\n\n\n\n<p>La Fiscal\u00eda General del Estado de Oaxaca prioriza la investigaci\u00f3n de los delitos cometidos en contra de ni\u00f1as, ni\u00f1os y adolescentes, por ello, busca brindar servicios integrales que permitan garantizarles adecuados procesos de procuraci\u00f3n de justicia.<\/p>\n","protected":false},"excerpt":{"rendered":"<p>Redacci\u00f3n\/Zona Roja.&nbsp; Oaxaca de Ju\u00e1rez, Oax., a 29 de junio de 2024.- Como parte de&hellip;<\/p>\n","protected":false},"author":2,"featured_media":68561,"comment_status":"closed","ping_status":"open","sticky":false,"template":"","format":"standard","meta":{"_lmt_disableupdate":"","_lmt_disable":"","_jetpack_memberships_contains_paid_content":false,"footnotes":""},"categories":[109,46],"tags":[494],"class_list":["post-69897","post","type-post","status-publish","format-standard","has-post-thumbnail","hentry","category-minuto-a-minuto","category-zona-blanca","tag-fiscalia-general-del-estado-de-oaxaca"],"jetpack_featured_media_url":"https:\/\/zonaroja.com.mx\/wp-content\/uploads\/2024\/05\/Encarcelados-carcel-prision.jpeg","jetpack_sharing_enabled":true,"_links":{"self":[{"href":"https:\/\/zonaroja.com.mx\/index.php?rest_route=\/wp\/v2\/posts\/69897","targetHints":{"allow":["GET"]}}],"collection":[{"href":"https:\/\/zonaroja.com.mx\/index.php?rest_route=\/wp\/v2\/posts"}],"about":[{"href":"https:\/\/zonaroja.com.mx\/index.php?rest_route=\/wp\/v2\/types\/post"}],"author":[{"embeddable":true,"href":"https:\/\/zonaroja.com.mx\/index.php?rest_route=\/wp\/v2\/users\/2"}],"replies":[{"embeddable":true,"href":"https:\/\/zonaroja.com.mx\/index.php?rest_route=%2Fwp%2Fv2%2Fcomments&post=69897"}],"version-history":[{"count":1,"href":"https:\/\/zonaroja.com.mx\/index.php?rest_route=\/wp\/v2\/posts\/69897\/revisions"}],"predecessor-version":[{"id":69898,"href":"https:\/\/zonaroja.com.mx\/index.php?rest_route=\/wp\/v2\/posts\/69897\/revisions\/69898"}],"wp:featuredmedia":[{"embeddable":true,"href":"https:\/\/zonaroja.com.mx\/index.php?rest_route=\/wp\/v2\/media\/68561"}],"wp:attachment":[{"href":"https:\/\/zonaroja.com.mx\/index.php?rest_route=%2Fwp%2Fv2%2Fmedia&parent=69897"}],"wp:term":[{"taxonomy":"category","embeddable":true,"href":"https:\/\/zonaroja.com.mx\/index.php?rest_route=%2Fwp%2Fv2%2Fcategories&post=69897"},{"taxonomy":"post_tag","embeddable":true,"href":"https:\/\/zonaroja.com.mx\/index.php?rest_route=%2Fwp%2Fv2%2Ftags&post=69897"}],"curies":[{"name":"wp","href":"https:\/\/api.w.org\/{rel}","templated":true}]}}