{"id":69902,"date":"2024-06-29T18:09:59","date_gmt":"2024-06-30T00:09:59","guid":{"rendered":"https:\/\/zonaroja.com.mx\/?p=69902"},"modified":"2024-06-29T18:10:01","modified_gmt":"2024-06-30T00:10:01","slug":"alcanza-un-rayo-a-mujer-y-sus-hijos-en-queretaro-mueren-dos","status":"publish","type":"post","link":"https:\/\/zonaroja.com.mx\/?p=69902","title":{"rendered":"Alcanza un rayo a mujer y sus hijos en Quer\u00e9taro; mueren dos\u00a0"},"content":{"rendered":"\n<p>Redacci\u00f3n\/Zona Roja Cdmx.<\/p>\n\n\n\n<p>Ciudad de M\u00e9xico, a 29 de junio de 2024.- En algunos lugares el temporal de lluvias ha tra\u00eddo beneficios, pero en algunos otros, como en la comunidad de La Solana Trojes, Quer\u00e9taro, caus\u00f3 calamidad.<\/p>\n\n\n\n<p>Los hechos ocurrieron cuando una mujer y sus hijos a\u00f1os fueron alcanzados por un rayo, que acab\u00f3 inmediatamente con la vida de dos y lesiones graves en el resto.<\/p>\n\n\n\n<p>Testigos de lo ocurrido, dijeron a un medio local, que el percance sucedi\u00f3 cuando la joven madre junto con sus tres hijos realizaban labores de pastoreo de ganado en la zona cerril de La Solana Las Trojes cuando se suscit\u00f3 una tormenta el\u00e9ctrica con lluvia, en la regi\u00f3n de Santa Rosa J\u00e1uregui.<\/p>\n\n\n\n<p>Mientras caminaban arreando el ganado los cuatro fueron impactados por un fuerte rayo que caus\u00f3 la muerte inmediata de la mujer y una ni\u00f1a de tres a\u00f1os, y heridas y quemaduras graves en los otros dos menores.&nbsp;<\/p>\n\n\n\n<p>Los vecinos indicaron que la tormenta se desat\u00f3 repentinamente, y el rayo los alcanz\u00f3 mientras corr\u00edan para intentar refugiarse.<\/p>\n\n\n\n<p>Tras lo ocurrido, se solicit\u00f3 la auxilio a trav\u00e9s del 911 para que acudieran los cuerpos de emergencia y seguridad, Bomberos de Quer\u00e9taro, Protecci\u00f3n Civil estatal y municipal y param\u00e9dicos, quienes a su llegada confirmaron el deceso de la mujer y una menor, al tiempo mientras que los otros dos menores fueron trasladados al Hospital General de Quer\u00e9taro.<\/p>\n\n\n\n<p>Posteriormente se dio a conocer que el estado de salud de uno de los heridos se catalog\u00f3 como de pron\u00f3stico reservado, y el otro fue estabilizado luego de sufrir un paro cardiorrespiratorio, pero est\u00e1 malherido.<\/p>\n\n\n\n<p>(Informaci\u00f3n de Infobae M\u00e9xico)<\/p>\n","protected":false},"excerpt":{"rendered":"<p>Redacci\u00f3n\/Zona Roja Cdmx. Ciudad de M\u00e9xico, a 29 de junio de 2024.- En algunos lugares&hellip;<\/p>\n","protected":false},"author":2,"featured_media":69903,"comment_status":"closed","ping_status":"open","sticky":false,"template":"","format":"standard","meta":{"_lmt_disableupdate":"","_lmt_disable":"","_jetpack_memberships_contains_paid_content":false,"footnotes":""},"categories":[109,47],"tags":[],"class_list":["post-69902","post","type-post","status-publish","format-standard","has-post-thumbnail","hentry","category-minuto-a-minuto","category-zona-gris"],"jetpack_featured_media_url":"https:\/\/zonaroja.com.mx\/wp-content\/uploads\/2024\/06\/Caida-de-rayo.jpeg","jetpack_sharing_enabled":true,"_links":{"self":[{"href":"https:\/\/zonaroja.com.mx\/index.php?rest_route=\/wp\/v2\/posts\/69902","targetHints":{"allow":["GET"]}}],"collection":[{"href":"https:\/\/zonaroja.com.mx\/index.php?rest_route=\/wp\/v2\/posts"}],"about":[{"href":"https:\/\/zonaroja.com.mx\/index.php?rest_route=\/wp\/v2\/types\/post"}],"author":[{"embeddable":true,"href":"https:\/\/zonaroja.com.mx\/index.php?rest_route=\/wp\/v2\/users\/2"}],"replies":[{"embeddable":true,"href":"https:\/\/zonaroja.com.mx\/index.php?rest_route=%2Fwp%2Fv2%2Fcomments&post=69902"}],"version-history":[{"count":1,"href":"https:\/\/zonaroja.com.mx\/index.php?rest_route=\/wp\/v2\/posts\/69902\/revisions"}],"predecessor-version":[{"id":69904,"href":"https:\/\/zonaroja.com.mx\/index.php?rest_route=\/wp\/v2\/posts\/69902\/revisions\/69904"}],"wp:featuredmedia":[{"embeddable":true,"href":"https:\/\/zonaroja.com.mx\/index.php?rest_route=\/wp\/v2\/media\/69903"}],"wp:attachment":[{"href":"https:\/\/zonaroja.com.mx\/index.php?rest_route=%2Fwp%2Fv2%2Fmedia&parent=69902"}],"wp:term":[{"taxonomy":"category","embeddable":true,"href":"https:\/\/zonaroja.com.mx\/index.php?rest_route=%2Fwp%2Fv2%2Fcategories&post=69902"},{"taxonomy":"post_tag","embeddable":true,"href":"https:\/\/zonaroja.com.mx\/index.php?rest_route=%2Fwp%2Fv2%2Ftags&post=69902"}],"curies":[{"name":"wp","href":"https:\/\/api.w.org\/{rel}","templated":true}]}}