{"id":69905,"date":"2024-06-29T20:58:14","date_gmt":"2024-06-30T02:58:14","guid":{"rendered":"https:\/\/zonaroja.com.mx\/?p=69905"},"modified":"2024-06-29T20:58:16","modified_gmt":"2024-06-30T02:58:16","slug":"pide-el-diario-the-new-york-times-a-biden-que-se-retire-de-contienda-electoral","status":"publish","type":"post","link":"https:\/\/zonaroja.com.mx\/?p=69905","title":{"rendered":"Pide el diario \u201cThe New York Times\u201d a Biden que se retire de contienda electoral"},"content":{"rendered":"\n<p>Redacci\u00f3n\/Zona Roja Cdmx.<\/p>\n\n\n\n<p>Ciudad de M\u00e9xico, a 29 de junio de 2024.- El diario \u201cThe New York Times\u201d pidi\u00f3 este viernes en un editorial al presidente de Estados Unidos, Joe Biden, abandonar la carrera electoral por mantenerse en la Casa Blanca, despu\u00e9s de que el dem\u00f3crata protagonizara una actuaci\u00f3n muy cuestionada en el debate de ayer frente a Donald Trump.<\/p>\n\n\n\n<p>\u2018Para servir a su pa\u00eds, el Presidente Biden deber\u00eda abandonar la carrera electoral\u2019, se titula el editorial en el que el prestigioso peri\u00f3dico asegura que \u201cel mayor servicio p\u00fablico que el se\u00f1or Biden puede prestar ahora es anunciar que no seguir\u00e1 present\u00e1ndose a la reelecci\u00f3n\u201d.<\/p>\n\n\n\n<p>El desempe\u00f1o de Biden en el cara a cara con el pol\u00edtico republicano dej\u00f3 la imagen de un candidato mermado por el factor de la edad y en el que titube\u00f3 en varias ocasiones, pronunci\u00f3 frases inconexas e introdujo datos inexactos.<\/p>\n\n\n\n<p>\u201cEs una apuesta demasiado grande esperar simplemente que los estadounidenses pasen por alto o descarten la edad y la debilidad del se\u00f1or Biden\u201d, recalca la cabecera, evidenciando que su petici\u00f3n al candidato dem\u00f3crata no es un halago a Trump, sino todo lo contrario; lo consideran un enemigo com\u00fan.<\/p>\n\n\n\n<p>De hecho, \u201cThe New York Times\u201d calific\u00f3 a Biden como \u201cun presidente admirable\u201d en cuyo mandato Estados Unidos ha prosperado y ha empezado a abordar una serie de retos a largo plazo\u201d.<\/p>\n\n\n\n<p>El \u201cTimes\u201d coincide con este en que el regreso de Donald Trump al Despacho Oval entra\u00f1ar\u00eda un \u201cpeligro\u201d que comprometer\u00eda \u201cel futuro de la democracia estadounidense\u201d pudiendo llevar a cabo \u201csus promesas y amenazas m\u00e1s extremas\u201d.<\/p>\n\n\n\n<p>Sin embargo, seg\u00fan el diario neoyorquino, Biden ya \u201cno es el hombre que era hace cuatro a\u00f1os\u201d y, durante el debate de ayer, fracas\u00f3 en su intento de \u201cconvencer al p\u00fablico estadounidense de que estaba a la altura de las formidables exigencias\u201d.<\/p>\n\n\n\n<p>Recordaron que esta actuaci\u00f3n no puede tacharse de \u201cmala noche\u201d ni achacarse a un \u201cresfriado\u201d, incluso cuando \u201cfue el propio Biden quien ret\u00f3 a Trump a este duelo verbal\u201d, por lo que deber\u00eda ser remplazado.<\/p>\n\n\n\n<p>\u201cPedir un nuevo candidato dem\u00f3crata a estas alturas de la campa\u00f1a es una decisi\u00f3n que no se toma a la ligera, pero refleja la magnitud y la gravedad del desaf\u00edo de Trump (&#8230;) la incapacidad de Biden para hacerle frente\u201d, sentencia el editorial del medio presidido por Meredith Kopit Levien.<\/p>\n\n\n\n<p>Para el citado medio, en las filas dem\u00f3cratas hay l\u00edderes que encarnan mejor \u201cuna alternativa, clara, convincente y en\u00e9rgica\u201d a una segunda presidencia de Trump, aunque no se aventuraron a deslizar nombres: \u201cNo hay raz\u00f3n para que el partido arriesgue la estabilidad y la seguridad del pa\u00eds\u201d.<\/p>\n\n\n\n<p>Asimismo, el peri\u00f3dico carg\u00f3 en el editorial una y otra vez contra Trump tild\u00e1ndolo de \u201cfigura err\u00e1tica, interesada e indigna de la confianza p\u00fablica\u201d, \u201cdeformaci\u00f3n maligna\u201d o \u201ccandidato definido por sus mentiras\u201d.<\/p>\n\n\n\n<p>\u201cEs una tragedia que los propios republicanos no hagan un examen de conciencia m\u00e1s profundo tras el debate (&#8230;) Minti\u00f3 descarada y repetidamente sobre sus propias acciones, su historial como presidente y su oponente\u201d, argument\u00f3 \u201cThe New York Times\u201d.<\/p>\n\n\n\n<p>(Informaci\u00f3n de EFE en \u201cEl Financiero\u201d)<\/p>\n","protected":false},"excerpt":{"rendered":"<p>Redacci\u00f3n\/Zona Roja Cdmx. Ciudad de M\u00e9xico, a 29 de junio de 2024.- El diario \u201cThe&hellip;<\/p>\n","protected":false},"author":2,"featured_media":65178,"comment_status":"closed","ping_status":"open","sticky":false,"template":"","format":"standard","meta":{"_lmt_disableupdate":"","_lmt_disable":"","_jetpack_memberships_contains_paid_content":false,"footnotes":""},"categories":[109,47],"tags":[2347],"class_list":["post-69905","post","type-post","status-publish","format-standard","has-post-thumbnail","hentry","category-minuto-a-minuto","category-zona-gris","tag-joe-biden"],"jetpack_featured_media_url":"https:\/\/zonaroja.com.mx\/wp-content\/uploads\/2024\/02\/Joe-Biden-.jpeg","jetpack_sharing_enabled":true,"_links":{"self":[{"href":"https:\/\/zonaroja.com.mx\/index.php?rest_route=\/wp\/v2\/posts\/69905","targetHints":{"allow":["GET"]}}],"collection":[{"href":"https:\/\/zonaroja.com.mx\/index.php?rest_route=\/wp\/v2\/posts"}],"about":[{"href":"https:\/\/zonaroja.com.mx\/index.php?rest_route=\/wp\/v2\/types\/post"}],"author":[{"embeddable":true,"href":"https:\/\/zonaroja.com.mx\/index.php?rest_route=\/wp\/v2\/users\/2"}],"replies":[{"embeddable":true,"href":"https:\/\/zonaroja.com.mx\/index.php?rest_route=%2Fwp%2Fv2%2Fcomments&post=69905"}],"version-history":[{"count":1,"href":"https:\/\/zonaroja.com.mx\/index.php?rest_route=\/wp\/v2\/posts\/69905\/revisions"}],"predecessor-version":[{"id":69908,"href":"https:\/\/zonaroja.com.mx\/index.php?rest_route=\/wp\/v2\/posts\/69905\/revisions\/69908"}],"wp:featuredmedia":[{"embeddable":true,"href":"https:\/\/zonaroja.com.mx\/index.php?rest_route=\/wp\/v2\/media\/65178"}],"wp:attachment":[{"href":"https:\/\/zonaroja.com.mx\/index.php?rest_route=%2Fwp%2Fv2%2Fmedia&parent=69905"}],"wp:term":[{"taxonomy":"category","embeddable":true,"href":"https:\/\/zonaroja.com.mx\/index.php?rest_route=%2Fwp%2Fv2%2Fcategories&post=69905"},{"taxonomy":"post_tag","embeddable":true,"href":"https:\/\/zonaroja.com.mx\/index.php?rest_route=%2Fwp%2Fv2%2Ftags&post=69905"}],"curies":[{"name":"wp","href":"https:\/\/api.w.org\/{rel}","templated":true}]}}