{"id":69906,"date":"2024-06-29T19:43:30","date_gmt":"2024-06-30T01:43:30","guid":{"rendered":"https:\/\/zonaroja.com.mx\/?p=69906"},"modified":"2024-06-29T19:43:30","modified_gmt":"2024-06-30T01:43:30","slug":"asesinan-a-dos-personas-en-el-istmo-balacera-en-sierra-sur-y-en-la-capital","status":"publish","type":"post","link":"https:\/\/zonaroja.com.mx\/?p=69906","title":{"rendered":"Asesinan a dos personas en el Istmo; balacera en Sierra Sur y en la capital"},"content":{"rendered":"\n<p>Raymundo Morales\/Zona Roja. <\/p>\n\n\n\n<p>Oaxaca de Ju\u00e1rez, Oax., a 29 de junio de 2024.- Dos personas fueron ejecutadas a balazos la tarde de este s\u00e1bado, en Santa Mar\u00eda Petapa.<\/p>\n\n\n\n<p>Los hechos sucedieron en una vialidad de la cabecera de ese municipio perteneciente a la regi\u00f3n del Istmo.<\/p>\n\n\n\n<p>De manera preliminar fueron identificados como los hermanos I. G. J. y O. G. J.<\/p>\n\n\n\n<p>Personal de la Vicefiscal\u00eda Regional del Istmo realiza las indagatorias correspondientes y no hay reporte de personas detenidas. <\/p>\n\n\n\n<p>Por otra parte, en la calle Las Casas del centro de la ciudad de Oaxaca, una persona fue detenida por portaci\u00f3n de arma de fuego. <\/p>\n\n\n\n<p>Presuntamente efectu\u00f3 disparos al aire, por lo cual hubo una fuerte movilizaci\u00f3n policiaca. <\/p>\n\n\n\n<p>Mientras tanto en la calle Rivapalacio del centro de Miahuatl\u00e1n de Porfirio D\u00edaz se registr\u00f3 un ataque armado. <\/p>\n\n\n\n<p>Una persona del sexo masculino result\u00f3 lesionada y fue trasladaba a un hospital de ese municipio de la regi\u00f3n Sierra Sur. <\/p>\n","protected":false},"excerpt":{"rendered":"<p>Raymundo Morales\/Zona Roja. Oaxaca de Ju\u00e1rez, Oax., a 29 de junio de 2024.- Dos personas&hellip;<\/p>\n","protected":false},"author":2,"featured_media":67727,"comment_status":"closed","ping_status":"open","sticky":false,"template":"","format":"standard","meta":{"_lmt_disableupdate":"","_lmt_disable":"","_jetpack_memberships_contains_paid_content":false,"footnotes":""},"categories":[109,51],"tags":[],"class_list":["post-69906","post","type-post","status-publish","format-standard","has-post-thumbnail","hentry","category-minuto-a-minuto","category-zona-roja"],"jetpack_featured_media_url":"https:\/\/zonaroja.com.mx\/wp-content\/uploads\/2024\/04\/Escena-del-crimen-2-asesinato.jpeg","jetpack_sharing_enabled":true,"_links":{"self":[{"href":"https:\/\/zonaroja.com.mx\/index.php?rest_route=\/wp\/v2\/posts\/69906","targetHints":{"allow":["GET"]}}],"collection":[{"href":"https:\/\/zonaroja.com.mx\/index.php?rest_route=\/wp\/v2\/posts"}],"about":[{"href":"https:\/\/zonaroja.com.mx\/index.php?rest_route=\/wp\/v2\/types\/post"}],"author":[{"embeddable":true,"href":"https:\/\/zonaroja.com.mx\/index.php?rest_route=\/wp\/v2\/users\/2"}],"replies":[{"embeddable":true,"href":"https:\/\/zonaroja.com.mx\/index.php?rest_route=%2Fwp%2Fv2%2Fcomments&post=69906"}],"version-history":[{"count":1,"href":"https:\/\/zonaroja.com.mx\/index.php?rest_route=\/wp\/v2\/posts\/69906\/revisions"}],"predecessor-version":[{"id":69907,"href":"https:\/\/zonaroja.com.mx\/index.php?rest_route=\/wp\/v2\/posts\/69906\/revisions\/69907"}],"wp:featuredmedia":[{"embeddable":true,"href":"https:\/\/zonaroja.com.mx\/index.php?rest_route=\/wp\/v2\/media\/67727"}],"wp:attachment":[{"href":"https:\/\/zonaroja.com.mx\/index.php?rest_route=%2Fwp%2Fv2%2Fmedia&parent=69906"}],"wp:term":[{"taxonomy":"category","embeddable":true,"href":"https:\/\/zonaroja.com.mx\/index.php?rest_route=%2Fwp%2Fv2%2Fcategories&post=69906"},{"taxonomy":"post_tag","embeddable":true,"href":"https:\/\/zonaroja.com.mx\/index.php?rest_route=%2Fwp%2Fv2%2Ftags&post=69906"}],"curies":[{"name":"wp","href":"https:\/\/api.w.org\/{rel}","templated":true}]}}