{"id":69909,"date":"2024-06-30T07:04:05","date_gmt":"2024-06-30T13:04:05","guid":{"rendered":"https:\/\/zonaroja.com.mx\/?p=69909"},"modified":"2024-06-30T07:04:06","modified_gmt":"2024-06-30T13:04:06","slug":"accidentes-en-oaxaca-dejan-cuatro-victimas-tres-de-ellos-ahogados","status":"publish","type":"post","link":"https:\/\/zonaroja.com.mx\/?p=69909","title":{"rendered":"Accidentes en Oaxaca dejan cuatro v\u00edctimas, tres de ellos ahogados"},"content":{"rendered":"\n<p>Raymundo Morales\/Zona Roja.<\/p>\n\n\n\n<p>Oaxaca de Ju\u00e1rez, Oax., a 30 de junio de 2024.- Cuatro personas perdieron la vida este s\u00e1bado en Oaxaca a causa de accidentes, tres de ellos por ahogamiento.<\/p>\n\n\n\n<p>Ayer por la tarde en la colonia La Pe\u00f1a Pastora de la agencia La Junta, perteneciente al municipio de Huajuapan de Le\u00f3n, fue localizado un cuerpo sin vida, de una persona al parecer ahogada en el r\u00edo \u201cMixteco\u201d.<\/p>\n\n\n\n<p>El hombre fue identificado como Sergio M., de 47 a\u00f1os de edad, de oficio alba\u00f1il y con domicilio en la localidad de La Junta; a\u00fan se desconoce la forma en que ocurri\u00f3 el accidente.<\/p>\n\n\n\n<p>Mientras que en la carretera federal 200 Salina Cruz-Pinotepa, a la altura del kil\u00f3metro 302, en jurisdicci\u00f3n de San Pedro Huamelula, un individuo presuntamente se impact\u00f3 con su motocicleta en la parte trasera de un tr\u00e1iler.<\/p>\n\n\n\n<p>La v\u00edctima fue identificada como Alejandro G. H., con domicilio en La Crucecita, Huatulco y a\u00fan se desconoce con precisi\u00f3n la forma en ocurri\u00f3 el percance.<\/p>\n\n\n\n<p>En tanto que en una represa del municipio de Reyes, perteneciente al distrito de Etla, en la regi\u00f3n de Valles Centrales, dos personas perdieron la vida por ahogamiento.<\/p>\n\n\n\n<p>Tras diversas labores, pobladores y personal especializado del Cuerpo de Bomberos lograron rescatar los cuerpos de un joven de 21 a\u00f1os de edad y de otro de 18 a\u00f1os de edad.<\/p>\n\n\n\n<p>Junto con sus amigos hab\u00edan acudido a refrescarse a esa sitio ubicado en el paraje \u201cPe\u00f1a Larga\u201d; luego de las labores de personal de la Fiscal\u00eda General del Estado, los cuerpos fueron entregados a sus familiares.<\/p>\n","protected":false},"excerpt":{"rendered":"<p>Raymundo Morales\/Zona Roja. Oaxaca de Ju\u00e1rez, Oax., a 30 de junio de 2024.- Cuatro personas&hellip;<\/p>\n","protected":false},"author":2,"featured_media":69910,"comment_status":"closed","ping_status":"open","sticky":false,"template":"","format":"standard","meta":{"_lmt_disableupdate":"","_lmt_disable":"","_jetpack_memberships_contains_paid_content":false,"footnotes":""},"categories":[109,47],"tags":[],"class_list":["post-69909","post","type-post","status-publish","format-standard","has-post-thumbnail","hentry","category-minuto-a-minuto","category-zona-gris"],"jetpack_featured_media_url":"https:\/\/zonaroja.com.mx\/wp-content\/uploads\/2024\/06\/Ahogados-presa-Reyes-Etla.jpg","jetpack_sharing_enabled":true,"_links":{"self":[{"href":"https:\/\/zonaroja.com.mx\/index.php?rest_route=\/wp\/v2\/posts\/69909","targetHints":{"allow":["GET"]}}],"collection":[{"href":"https:\/\/zonaroja.com.mx\/index.php?rest_route=\/wp\/v2\/posts"}],"about":[{"href":"https:\/\/zonaroja.com.mx\/index.php?rest_route=\/wp\/v2\/types\/post"}],"author":[{"embeddable":true,"href":"https:\/\/zonaroja.com.mx\/index.php?rest_route=\/wp\/v2\/users\/2"}],"replies":[{"embeddable":true,"href":"https:\/\/zonaroja.com.mx\/index.php?rest_route=%2Fwp%2Fv2%2Fcomments&post=69909"}],"version-history":[{"count":1,"href":"https:\/\/zonaroja.com.mx\/index.php?rest_route=\/wp\/v2\/posts\/69909\/revisions"}],"predecessor-version":[{"id":69911,"href":"https:\/\/zonaroja.com.mx\/index.php?rest_route=\/wp\/v2\/posts\/69909\/revisions\/69911"}],"wp:featuredmedia":[{"embeddable":true,"href":"https:\/\/zonaroja.com.mx\/index.php?rest_route=\/wp\/v2\/media\/69910"}],"wp:attachment":[{"href":"https:\/\/zonaroja.com.mx\/index.php?rest_route=%2Fwp%2Fv2%2Fmedia&parent=69909"}],"wp:term":[{"taxonomy":"category","embeddable":true,"href":"https:\/\/zonaroja.com.mx\/index.php?rest_route=%2Fwp%2Fv2%2Fcategories&post=69909"},{"taxonomy":"post_tag","embeddable":true,"href":"https:\/\/zonaroja.com.mx\/index.php?rest_route=%2Fwp%2Fv2%2Ftags&post=69909"}],"curies":[{"name":"wp","href":"https:\/\/api.w.org\/{rel}","templated":true}]}}