{"id":69912,"date":"2024-06-30T09:00:00","date_gmt":"2024-06-30T15:00:00","guid":{"rendered":"https:\/\/zonaroja.com.mx\/?p=69912"},"modified":"2024-06-30T07:08:09","modified_gmt":"2024-06-30T13:08:09","slug":"realizan-megareforestacion-en-la-mixteca-oaxaquena","status":"publish","type":"post","link":"https:\/\/zonaroja.com.mx\/?p=69912","title":{"rendered":"Realizan megareforestaci\u00f3n en la Mixteca oaxaque\u00f1a"},"content":{"rendered":"\n<p>Redacci\u00f3n\/Zona Roja.<\/p>\n\n\n\n<p>Oaxaca de Ju\u00e1rez, Oax., a 30 de junio de 2024.- De la mano con los 18 pueblos chocho-mixtecos, inici\u00f3 este s\u00e1bado el Megatequio de Reforestaci\u00f3n Bienestar, en un paraje de San Juan Bautista Coixtlahuaca, en el marco del D\u00eda Internacional del \u00c1rbol, actividad que encabez\u00f3 el gobernador Salom\u00f3n Jara Cruz.&nbsp;<\/p>\n\n\n\n<p>En esta jornada el mandatario estatal inform\u00f3 que la meta es sembrar 100 mil \u00e1rboles para reforestar 100 hect\u00e1reas, con lo que se cumple con el objetivo de impulsar el cuidado de la naturaleza y el combate al cambio clim\u00e1tico, aunado a disminuir los estragos de los incendios forestales de la temporada.&nbsp;<\/p>\n\n\n\n<p>\u201cA trav\u00e9s de esta reforestaci\u00f3n, refrendamos el compromiso de la Primavera Oaxaque\u00f1a de trabajar desde el territorio por el Desarrollo Integral de nuestro estado, demostrando la hermandad que nos une con los pueblos y recuperando una pr\u00e1ctica milenaria para el bienestar de todas y todos\u201d expres\u00f3 el gobernador.<\/p>\n\n\n\n<p>Es importante mencionar que la naci\u00f3n Chocho-Mixteca desde hace m\u00e1s de cuatro d\u00e9cadas realiza la reforestaci\u00f3n de sus suelos degradados, por lo que las comunidades de esta microrregi\u00f3n decidieron comenzar a recuperar el agua y la fertilidad de su territorio con este tipo de jornadas.&nbsp;<\/p>\n\n\n\n<p>Por lo anterior, al menos dos mil hect\u00e1reas degradadas de la comunidad agraria de San Juan Bautista Coixtlahuaca han sido reforestadas con trabajo comunal desde el a\u00f1o 2000, lo cual equivale a casi tres veces la extensi\u00f3n del Bosque de Chapultepec de la Ciudad de M\u00e9xico.&nbsp;<\/p>\n\n\n\n<p>Las secretar\u00edas de Fomento Agroalimentario y Desarrollo Rural (Sefader), de Bienestar, Tequio e Inclusi\u00f3n (Sebienti) y la Comisi\u00f3n Estatal Forestal (Coesfo) convocaron en d\u00edas pasados a autoridades municipales y de bienes comunales de los 18 pueblos de dicha naci\u00f3n, as\u00ed como a la ciudadan\u00eda en general a sumarse a esta actividad que continuar\u00e1 este domingo con la siembra de m\u00e1s ejemplares.<\/p>\n","protected":false},"excerpt":{"rendered":"<p>Redacci\u00f3n\/Zona Roja. Oaxaca de Ju\u00e1rez, Oax., a 30 de junio de 2024.- De la mano&hellip;<\/p>\n","protected":false},"author":2,"featured_media":69913,"comment_status":"closed","ping_status":"open","sticky":false,"template":"","format":"standard","meta":{"_lmt_disableupdate":"","_lmt_disable":"","_jetpack_memberships_contains_paid_content":false,"footnotes":""},"categories":[109,46],"tags":[939],"class_list":["post-69912","post","type-post","status-publish","format-standard","has-post-thumbnail","hentry","category-minuto-a-minuto","category-zona-blanca","tag-salomon-jara-cruz"],"jetpack_featured_media_url":"https:\/\/zonaroja.com.mx\/wp-content\/uploads\/2024\/06\/Reforestacion-Coixtlahuaca-Mixteca-salomon.jpg","jetpack_sharing_enabled":true,"_links":{"self":[{"href":"https:\/\/zonaroja.com.mx\/index.php?rest_route=\/wp\/v2\/posts\/69912","targetHints":{"allow":["GET"]}}],"collection":[{"href":"https:\/\/zonaroja.com.mx\/index.php?rest_route=\/wp\/v2\/posts"}],"about":[{"href":"https:\/\/zonaroja.com.mx\/index.php?rest_route=\/wp\/v2\/types\/post"}],"author":[{"embeddable":true,"href":"https:\/\/zonaroja.com.mx\/index.php?rest_route=\/wp\/v2\/users\/2"}],"replies":[{"embeddable":true,"href":"https:\/\/zonaroja.com.mx\/index.php?rest_route=%2Fwp%2Fv2%2Fcomments&post=69912"}],"version-history":[{"count":1,"href":"https:\/\/zonaroja.com.mx\/index.php?rest_route=\/wp\/v2\/posts\/69912\/revisions"}],"predecessor-version":[{"id":69914,"href":"https:\/\/zonaroja.com.mx\/index.php?rest_route=\/wp\/v2\/posts\/69912\/revisions\/69914"}],"wp:featuredmedia":[{"embeddable":true,"href":"https:\/\/zonaroja.com.mx\/index.php?rest_route=\/wp\/v2\/media\/69913"}],"wp:attachment":[{"href":"https:\/\/zonaroja.com.mx\/index.php?rest_route=%2Fwp%2Fv2%2Fmedia&parent=69912"}],"wp:term":[{"taxonomy":"category","embeddable":true,"href":"https:\/\/zonaroja.com.mx\/index.php?rest_route=%2Fwp%2Fv2%2Fcategories&post=69912"},{"taxonomy":"post_tag","embeddable":true,"href":"https:\/\/zonaroja.com.mx\/index.php?rest_route=%2Fwp%2Fv2%2Ftags&post=69912"}],"curies":[{"name":"wp","href":"https:\/\/api.w.org\/{rel}","templated":true}]}}