{"id":6992,"date":"2019-12-26T09:53:37","date_gmt":"2019-12-26T15:53:37","guid":{"rendered":"http:\/\/www.zonaroja.com.mx\/?p=6992"},"modified":"2019-12-26T09:53:40","modified_gmt":"2019-12-26T15:53:40","slug":"confirma-el-inah-existencia-de-un-palacio-en-la-zona-de-kuluba-yucatan","status":"publish","type":"post","link":"https:\/\/zonaroja.com.mx\/?p=6992","title":{"rendered":"Confirma el INAH existencia de un palacio en la zona de Kulub\u00e1, Yucat\u00e1n"},"content":{"rendered":"\n<p>Redacci\u00f3n\/Zona Roja Cdmx<\/p>\n\n\n\n<p>Ciudad de M\u00e9xico, 26 de diciembre de\n2019.- El Instituto Nacional de Antropolog\u00eda e Historia (INAH) confirm\u00f3 la\nexistencia de un palacio en la zona arqueol\u00f3gica de Kulub\u00e1, Yucat\u00e1n, mediante\nla liberaci\u00f3n y el reconocimiento del basamento, las escalinatas y una cruj\u00eda\ncon pilastras en la parte superior que habr\u00eda sido usada por la \u00e9lite del\nlugar.<\/p>\n\n\n\n<p>Ubicada 35 kil\u00f3metros al sureste del\nmunicipio de Tizim\u00edn, Kuluba es un sitio prehisp\u00e1nico que avanza de manera\nsostenida en su estudio y en la recuperaci\u00f3n de su antiguo esplendor, report\u00f3\nhoy el diario \u201cLa Jornada\u201d. <\/p>\n\n\n\n<p>Trabajadores del INAH exploran y\nconsolidan el Grupo C del asentamiento, a la par que se emprende acciones de\nconservaci\u00f3n en sus acabados arquitect\u00f3nicos como parte de un proyecto a cargo\nde especialistas en arqueolog\u00eda y restauraci\u00f3n.<\/p>\n\n\n\n<p>El arque\u00f3logo Alfredo Barrera Rubio\nexplic\u00f3 que el palacio es una construcci\u00f3n de aproximadamente 55 metros de\nlargo por 15 metros de ancho y 6 de altura, cuyos vestigios apuntan a dos fases\nde ocupaci\u00f3n: una en el Cl\u00e1sico tard\u00edo (600-900 dC) y otra en el Cl\u00e1sico\nterminal (850-1050 dC).<\/p>\n\n\n\n<p>\u2018\u2018Fue en el Cl\u00e1sico terminal cuando\nChich\u00e9n Itz\u00e1, al volverse una metr\u00f3poli destacada en el nororiente del actual\nYucat\u00e1n, extendi\u00f3 su influencia sobre sitios como Kulub\u00e1, el cual, por los\ndatos que tenemos y materiales de cer\u00e1mica tipo Chich\u00e9n y obsidiana de las\nmismas fuentes que prove\u00edan a esta urbe maya, podemos inferir que se convirti\u00f3\nen un enclave itz\u00e1\u201d, sostuvo el tambi\u00e9n investigador del Centro INAH Yucat\u00e1n.<\/p>\n\n\n\n<p>Junto al palacio los especialistas\nexploran y consolidan cuatro estructuras en la plaza principal del Grupo C: un\naltar, dos vestigios de espacios de uso habitacional y una construcci\u00f3n redonda\nque, se cree, era un horno, agrega la informaci\u00f3n de \u201cLa Jornada\u201d.<\/p>\n\n\n\n<p>Barrera Rubio explic\u00f3 que una parte\nadicional del recurso destinado al sitio, derivado del convenio suscrito entre\nel INAH y el gobierno de Yucat\u00e1n, se dedica al mapeo y levantamiento\ntopogr\u00e1fico de 234 hect\u00e1reas, as\u00ed como al an\u00e1lisis del patr\u00f3n de asentamiento\nde la urbe prehisp\u00e1nica, la cual est\u00e1 en su totalidad en resguardo del\ninstituto.<\/p>\n\n\n\n<p>Un frente de trabajo adicional consiste\nen la rehabilitaci\u00f3n del casco del antiguo rancho Kulub\u00e1, ya que esta\nconstrucci\u00f3n, ubicada dentro del \u00e1rea patrimonial protegida, es a su vez un\nvestigio hist\u00f3rico de la primera mitad del siglo XX: con techumbre de palma de guano,\nmamposter\u00eda tradicional y hamaqueros de madera.<\/p>\n\n\n\n<p>Vinculado con este rescate de la\nherencia patrimonial edificada, detall\u00f3 el arque\u00f3logo, est\u00e1 el inter\u00e9s en\npriorizar la colaboraci\u00f3n de ayudantes provenientes de comisar\u00edas cercanas a\nKulub\u00e1, como San Luis Tzuc Tuc, San Pedro y Tixcancal, as\u00ed como alba\u00f1iles con\namplia experiencia en consolidaci\u00f3n arqueol\u00f3gica, originarios del municipio de\nOxkutzcab.<\/p>\n\n\n\n<p>Una cualidad de esta cuarta temporada\nde campo en Kulub\u00e1, que se inici\u00f3 el pasado noviembre y culminar\u00e1 en marzo de\n2020, es que las acciones arqueol\u00f3gicas est\u00e1n acompa\u00f1adas por expertos en\nrestauraci\u00f3n.<\/p>\n","protected":false},"excerpt":{"rendered":"<p>Redacci\u00f3n\/Zona Roja Cdmx Ciudad de M\u00e9xico, 26 de diciembre de 2019.- El Instituto Nacional de&hellip;<\/p>\n","protected":false},"author":2,"featured_media":6993,"comment_status":"closed","ping_status":"open","sticky":false,"template":"","format":"standard","meta":{"_lmt_disableupdate":"","_lmt_disable":"","_jetpack_memberships_contains_paid_content":false,"footnotes":""},"categories":[109,46],"tags":[1178,1179],"class_list":["post-6992","post","type-post","status-publish","format-standard","has-post-thumbnail","hentry","category-minuto-a-minuto","category-zona-blanca","tag-kuluba","tag-yucatan"],"jetpack_featured_media_url":"https:\/\/zonaroja.com.mx\/wp-content\/uploads\/2019\/12\/Palacio-maya.jpg","jetpack_sharing_enabled":true,"_links":{"self":[{"href":"https:\/\/zonaroja.com.mx\/index.php?rest_route=\/wp\/v2\/posts\/6992","targetHints":{"allow":["GET"]}}],"collection":[{"href":"https:\/\/zonaroja.com.mx\/index.php?rest_route=\/wp\/v2\/posts"}],"about":[{"href":"https:\/\/zonaroja.com.mx\/index.php?rest_route=\/wp\/v2\/types\/post"}],"author":[{"embeddable":true,"href":"https:\/\/zonaroja.com.mx\/index.php?rest_route=\/wp\/v2\/users\/2"}],"replies":[{"embeddable":true,"href":"https:\/\/zonaroja.com.mx\/index.php?rest_route=%2Fwp%2Fv2%2Fcomments&post=6992"}],"version-history":[{"count":1,"href":"https:\/\/zonaroja.com.mx\/index.php?rest_route=\/wp\/v2\/posts\/6992\/revisions"}],"predecessor-version":[{"id":6994,"href":"https:\/\/zonaroja.com.mx\/index.php?rest_route=\/wp\/v2\/posts\/6992\/revisions\/6994"}],"wp:featuredmedia":[{"embeddable":true,"href":"https:\/\/zonaroja.com.mx\/index.php?rest_route=\/wp\/v2\/media\/6993"}],"wp:attachment":[{"href":"https:\/\/zonaroja.com.mx\/index.php?rest_route=%2Fwp%2Fv2%2Fmedia&parent=6992"}],"wp:term":[{"taxonomy":"category","embeddable":true,"href":"https:\/\/zonaroja.com.mx\/index.php?rest_route=%2Fwp%2Fv2%2Fcategories&post=6992"},{"taxonomy":"post_tag","embeddable":true,"href":"https:\/\/zonaroja.com.mx\/index.php?rest_route=%2Fwp%2Fv2%2Ftags&post=6992"}],"curies":[{"name":"wp","href":"https:\/\/api.w.org\/{rel}","templated":true}]}}