{"id":69924,"date":"2024-06-30T13:00:00","date_gmt":"2024-06-30T19:00:00","guid":{"rendered":"https:\/\/zonaroja.com.mx\/?p=69924"},"modified":"2024-06-30T07:24:52","modified_gmt":"2024-06-30T13:24:52","slug":"opinion-el-patriarcal-baston-de-mando","status":"publish","type":"post","link":"https:\/\/zonaroja.com.mx\/?p=69924","title":{"rendered":"Opini\u00f3n. El patriarcal bast\u00f3n de mando"},"content":{"rendered":"\n<p>Soledad Jarqu\u00edn \u00c9dgar*\/SemM\u00e9xico<\/p>\n\n\n\n<p>Dos paralelos. Uno en la Ciudad de M\u00e9xico, otro en Asunci\u00f3n, Paraguay. La diferencia en tiempo entre uno y otro fue de 24 horas m\u00e1s o menos. Quiz\u00e1 lo id\u00e9ntico es que eran mujeres del poder, uno nacional y otro internacional. Lo que ahonda la diferencia fue el discurso y la realidad.<\/p>\n\n\n\n<p>Armar el rompecabezas parec\u00eda algo dif\u00edcil. Las mujeres de todo el mundo hemos navegado en el mar del patriarcado y con las barcas del patriarcado. La participaci\u00f3n pol\u00edtica de las mujeres es apenas una de las conquistas y es al mismo tiempo la m\u00e1s visible de las luchas. Una propuesta feminista que no cosecharon siempre las feministas.<\/p>\n\n\n\n<p>Me refiero a as feministas que demandaron por escrito sus derechos una vez terminada la Guerra de Independencia. Las que salieron a la calle a protestar a lo largo del siglo XX, las perseguidas y encarceladas, salvo contadas excepciones esas feministas no llegaron a los cargos de elecci\u00f3n popular, porque no eran mujeres c\u00f3modas para el sistema, tanto que fueron \u201cquemadas\u201d con modernos m\u00e9todos. En tiempos de la paridad ascendieron al lugar del privilegio sin el manual, el ABC, llegaron por esas cosas del azar, la rueda de la fortuna, el tiempo y la circunstancia.<\/p>\n\n\n\n<p>M\u00e9xico es el pa\u00eds m\u00e1s avanzado del mundo en materia de paridad, dijo con un dejo de entusiasmo Line Bareiro, investigadora del Centro de Documentaci\u00f3n y Estudios y profesora de la Flacso Argentina, durante el evento paralelo a la 54 Asamblea General de la Organizaci\u00f3n de Estados Americanos, realizado en Asunci\u00f3n. Enumer\u00f3 los cinco puestos en funciones y el sexto a partir del 1 de octubre: una presidenta del Poder Judicial, la presidenta del Tribunal Electoral de la Federaci\u00f3n, la presidenta del Instituto Nacional Electoral, las presidentas del Congreso de la Uni\u00f3n y la futura presidenta del pa\u00eds.<\/p>\n\n\n\n<p>Siguiendo la expresi\u00f3n desde lo expuesto por la secretaria ejecutiva de la Comisi\u00f3n Interamericana de Mujeres (CIM), Alejandra Mora, sobre los tres elementos de la paridad de g\u00e9nero, podemos afirmar que es cierto en este pa\u00eds la paridad se cumple al menos num\u00e9ricamente y se cumple as\u00ed con la primera condici\u00f3n.<\/p>\n\n\n\n<p>Por otra parte, se ha construido un andamiaje para \u201cprevenir, atender y sancionar\u201d la violencia pol\u00edtica contra las mujeres en raz\u00f3n de g\u00e9nero, aun as\u00ed, se desbordan los institutos electorales por los procesos especiales sancionadores y las carpetas de investigaci\u00f3n, por la v\u00eda penal, es decir, no se ha logrado prevenir, ni atender ni sancionar ese tipo de violencia (ni las otras), las cifras de la impunidad hablan de esas historias que muchas veces terminan con la muerte de las mujeres.<\/p>\n\n\n\n<p>Y, en tercer lugar, dice la secretaria general de la CIM, las mujeres en posiciones de poder deben asumir el compromiso de atender la agenda de las mujeres o la agenda feminista. Se trata de cambiar la condici\u00f3n social de las mujeres. S\u00ed, es de reconocer que muchas s\u00ed lo han hecho. Como tambi\u00e9n hay que decir que la paridad no ha sido entendida por buena parte de las mujeres cuando llegan al poder a lo largo y ancho de este pa\u00eds, sean legisladoras, gobernadoras o presidentas municipales. Para muchas asumir la \u201cagenda de las mujeres\u201d son campanadas publicitarias y para otras \u201clas mujeres\u201d son bot\u00edn de sus conquistas, una carta de presentaci\u00f3n de un feminismo de curul, superfluo y vanidoso; muchas otros se convierten en mercenarias de un bodrio lejano al feminismo, porque carecen de compromiso real o sustantivo.<\/p>\n\n\n\n<p>En el mismo evento paralelo realizado en Paraguay, Leticia Bonifaz Alfonzo, la hoy todav\u00eda experta del Comit\u00e9 para la Eliminaci\u00f3n de la Discriminaci\u00f3n contra la Mujer -que podr\u00eda entre hoy y este viernes ser electa jueza de la CIDH-, ha dicho una verdad: en la representaci\u00f3n pol\u00edtica de las mujeres no hemos estado todas las mujeres, sino s\u00f3lo ciertos grupos de mujeres, que les vamos a llamar con cierto privilegio.<\/p>\n\n\n\n<p>Y eso es lo que vimos en el otro evento, el de M\u00e9xico durante el acto donde un grupo de mujeres del poder, del privilegio, le entregaron, v\u00eda Olga S\u00e1nchez Cordero, a la presidenta electa Claudia Sheinbaum Pardo \u201cel bast\u00f3n de mando de las mujeres\u201d.<\/p>\n\n\n\n<p>Vaya ocurrencia. Me pregunto que cara pondr\u00edan las feministas acad\u00e9micas, estudiosas, de mucho tiempo atr\u00e1s, las militantes al ver esa representaci\u00f3n patriarcal que tanto se ha cuestionado \u201cdel bast\u00f3n de mando\u201d. El de las mujeres con poder que le entregaron a Sheinbaum es una hechura de buenas extractivistas del feminismo, al utilizar circulo con la cruz invertida y el pu\u00f1o que se le a\u00f1adi\u00f3 en los a\u00f1os recientes en las luchas feministas, por cierto, el mismo que se emplea en las &nbsp;antimonumentas que hay en varios estados del pa\u00eds, para recordar el feminicidio, un asunto que la mensajera S\u00e1nchez Cordero no atendi\u00f3 como secretaria de Gobernaci\u00f3n, as\u00ed como otras que estaban detr\u00e1s de la ex ministra.<\/p>\n\n\n\n<p>Quien autoriz\u00f3 S\u00e1nchez Cordero a representar a las mujeres sin poder, como las ind\u00edgenas y las afromexicanas, las que seg\u00fan Sheimbaun ser\u00e1n las primeras, me refiero a las pobres, las que no est\u00e1n en el privilegio, ese que se extiende en varios sentidos por interseccional. Sin duda es su propio poder, que es m\u00e1s patriarcal que feminista, el que la puso como la voz de las que la siguieron, algunas de ellas cuestionadas por corruptas o por hechos del pasado reciente al que han pertenecido.<\/p>\n\n\n\n<p>Ojal\u00e1 un d\u00eda se entienda que ser feminista NO es una moda pol\u00edtica. No es como cambiarse de ropa o de partido.<\/p>\n\n\n\n<p>*Periodista y activista feminista.<\/p>\n","protected":false},"excerpt":{"rendered":"<p>Soledad Jarqu\u00edn \u00c9dgar*\/SemM\u00e9xico Dos paralelos. Uno en la Ciudad de M\u00e9xico, otro en Asunci\u00f3n, Paraguay.&hellip;<\/p>\n","protected":false},"author":2,"featured_media":68029,"comment_status":"closed","ping_status":"open","sticky":false,"template":"","format":"standard","meta":{"_lmt_disableupdate":"","_lmt_disable":"","_jetpack_memberships_contains_paid_content":false,"footnotes":""},"categories":[456,109],"tags":[90],"class_list":["post-69924","post","type-post","status-publish","format-standard","has-post-thumbnail","hentry","category-columna","category-minuto-a-minuto","tag-soledad-jarquin"],"jetpack_featured_media_url":"https:\/\/zonaroja.com.mx\/wp-content\/uploads\/2024\/05\/Soledad-Jarquin-Edgar.jpg","jetpack_sharing_enabled":true,"_links":{"self":[{"href":"https:\/\/zonaroja.com.mx\/index.php?rest_route=\/wp\/v2\/posts\/69924","targetHints":{"allow":["GET"]}}],"collection":[{"href":"https:\/\/zonaroja.com.mx\/index.php?rest_route=\/wp\/v2\/posts"}],"about":[{"href":"https:\/\/zonaroja.com.mx\/index.php?rest_route=\/wp\/v2\/types\/post"}],"author":[{"embeddable":true,"href":"https:\/\/zonaroja.com.mx\/index.php?rest_route=\/wp\/v2\/users\/2"}],"replies":[{"embeddable":true,"href":"https:\/\/zonaroja.com.mx\/index.php?rest_route=%2Fwp%2Fv2%2Fcomments&post=69924"}],"version-history":[{"count":1,"href":"https:\/\/zonaroja.com.mx\/index.php?rest_route=\/wp\/v2\/posts\/69924\/revisions"}],"predecessor-version":[{"id":69925,"href":"https:\/\/zonaroja.com.mx\/index.php?rest_route=\/wp\/v2\/posts\/69924\/revisions\/69925"}],"wp:featuredmedia":[{"embeddable":true,"href":"https:\/\/zonaroja.com.mx\/index.php?rest_route=\/wp\/v2\/media\/68029"}],"wp:attachment":[{"href":"https:\/\/zonaroja.com.mx\/index.php?rest_route=%2Fwp%2Fv2%2Fmedia&parent=69924"}],"wp:term":[{"taxonomy":"category","embeddable":true,"href":"https:\/\/zonaroja.com.mx\/index.php?rest_route=%2Fwp%2Fv2%2Fcategories&post=69924"},{"taxonomy":"post_tag","embeddable":true,"href":"https:\/\/zonaroja.com.mx\/index.php?rest_route=%2Fwp%2Fv2%2Ftags&post=69924"}],"curies":[{"name":"wp","href":"https:\/\/api.w.org\/{rel}","templated":true}]}}