{"id":69927,"date":"2024-06-30T19:10:23","date_gmt":"2024-07-01T01:10:23","guid":{"rendered":"https:\/\/zonaroja.com.mx\/?p=69927"},"modified":"2024-06-30T19:10:24","modified_gmt":"2024-07-01T01:10:24","slug":"ejecutan-a-un-elemento-de-la-guardia-nacional-en-juchitan-oaxaca","status":"publish","type":"post","link":"https:\/\/zonaroja.com.mx\/?p=69927","title":{"rendered":"Ejecutan a un elemento de la Guardia Nacional en Juchit\u00e1n, Oaxaca"},"content":{"rendered":"\n<p>Raymundo Morales\/Zona Roja.<\/p>\n\n\n\n<p>Oaxaca de Ju\u00e1rez, Oax., a 30 de junio de 2024.- Un elemento de la Guardia Nacional fue ejecutado la tarde de este domingo en Juchit\u00e1n de Zaragoza, municipio de la regi\u00f3n del Istmo de Oaxaca.<\/p>\n\n\n\n<p>El crimen se perpetr\u00f3 en la colonia Los Pescadores del populoso barrio de la S\u00e9ptima Secci\u00f3n, donde sujetos armados acribillaron a quien fue identificado como Hermenegildo A. Z.<\/p>\n\n\n\n<p>A falta de vigilancia policiaca en las calles, los agresores lograron huir de la zona, presuntamente a bordo de una motocicleta. Param\u00e9dicos arribaron a la zona para brindar los primeros auxilios, pero corroboraron que ya no contaba con signos vitales.<\/p>\n\n\n\n<p>La v\u00edctima es elemento activo de la corporaci\u00f3n Guardia Nacional y se encontraba franco este domingo.<\/p>\n\n\n\n<p>Personal de la Vicefiscal\u00eda Regional del Istmo arrib\u00f3 a la zona, con la finalidad de realizar las primeras indagatorias a fin de dar con los responsables.<\/p>\n","protected":false},"excerpt":{"rendered":"<p>Raymundo Morales\/Zona Roja. Oaxaca de Ju\u00e1rez, Oax., a 30 de junio de 2024.- Un elemento&hellip;<\/p>\n","protected":false},"author":2,"featured_media":69928,"comment_status":"closed","ping_status":"open","sticky":false,"template":"","format":"standard","meta":{"_lmt_disableupdate":"","_lmt_disable":"","_jetpack_memberships_contains_paid_content":false,"footnotes":""},"categories":[109,51],"tags":[123],"class_list":["post-69927","post","type-post","status-publish","format-standard","has-post-thumbnail","hentry","category-minuto-a-minuto","category-zona-roja","tag-juchitan-de-zaragoza"],"jetpack_featured_media_url":"https:\/\/zonaroja.com.mx\/wp-content\/uploads\/2024\/06\/Ejecutado-Juchitan-Guardia-Nacional.jpeg","jetpack_sharing_enabled":true,"_links":{"self":[{"href":"https:\/\/zonaroja.com.mx\/index.php?rest_route=\/wp\/v2\/posts\/69927","targetHints":{"allow":["GET"]}}],"collection":[{"href":"https:\/\/zonaroja.com.mx\/index.php?rest_route=\/wp\/v2\/posts"}],"about":[{"href":"https:\/\/zonaroja.com.mx\/index.php?rest_route=\/wp\/v2\/types\/post"}],"author":[{"embeddable":true,"href":"https:\/\/zonaroja.com.mx\/index.php?rest_route=\/wp\/v2\/users\/2"}],"replies":[{"embeddable":true,"href":"https:\/\/zonaroja.com.mx\/index.php?rest_route=%2Fwp%2Fv2%2Fcomments&post=69927"}],"version-history":[{"count":1,"href":"https:\/\/zonaroja.com.mx\/index.php?rest_route=\/wp\/v2\/posts\/69927\/revisions"}],"predecessor-version":[{"id":69929,"href":"https:\/\/zonaroja.com.mx\/index.php?rest_route=\/wp\/v2\/posts\/69927\/revisions\/69929"}],"wp:featuredmedia":[{"embeddable":true,"href":"https:\/\/zonaroja.com.mx\/index.php?rest_route=\/wp\/v2\/media\/69928"}],"wp:attachment":[{"href":"https:\/\/zonaroja.com.mx\/index.php?rest_route=%2Fwp%2Fv2%2Fmedia&parent=69927"}],"wp:term":[{"taxonomy":"category","embeddable":true,"href":"https:\/\/zonaroja.com.mx\/index.php?rest_route=%2Fwp%2Fv2%2Fcategories&post=69927"},{"taxonomy":"post_tag","embeddable":true,"href":"https:\/\/zonaroja.com.mx\/index.php?rest_route=%2Fwp%2Fv2%2Ftags&post=69927"}],"curies":[{"name":"wp","href":"https:\/\/api.w.org\/{rel}","templated":true}]}}