{"id":69930,"date":"2024-07-01T14:31:15","date_gmt":"2024-07-01T20:31:15","guid":{"rendered":"https:\/\/zonaroja.com.mx\/?p=69930"},"modified":"2024-07-01T14:31:17","modified_gmt":"2024-07-01T20:31:17","slug":"tras-toma-de-ciudad-administrativa-habitantes-de-tlalixtac-golpean-a-empleados","status":"publish","type":"post","link":"https:\/\/zonaroja.com.mx\/?p=69930","title":{"rendered":"Tras \u201ctoma\u201d de Ciudad Administrativa, habitantes de Tlalixtac golpean a empleados\u00a0"},"content":{"rendered":"\n<p>Raymundo Morales\/Zona Roja.<\/p>\n\n\n\n<p>Oaxaca de Ju\u00e1rez, Oax., a 1 de julio de 2024.- Un grupo de pobladores del municipio de Tlalixtac de Cabrera impidi\u00f3 la salida de trabajadores del gobierno de Oaxaca de las instalaciones de Ciudad Administrativa, y quienes lograron escapar, fueron golpeados.<\/p>\n\n\n\n<p>Alrededor de las nueve de la ma\u00f1ana arribaron los habitantes de dicha demarcaci\u00f3n, para reclamar la proliferaci\u00f3n de un basurero, presuntamente clandestino, en un domicilio cercano al complejo gubernamental; tras ello, bloquearon los accesos.<\/p>\n\n\n\n<p>Autoridades de la Secretar\u00eda de Administraci\u00f3n ordenaron el retiro de los trabajadores de base, afiliados al Sindicato de Trabajadores y Empleados al Servicio de los Poderes del Estado e Instituciones Descentralizadas, y cuando pretend\u00edan salir, iniciaron las agresiones.<\/p>\n\n\n\n<p>Mientras los empleados forcejearon para abrir por la fuerza uno de los accesos, los pobladores lo impidieron; algunos m\u00e1s lograron cruzar los barrotes, lo que gener\u00f3 que fueran golpeados.<\/p>\n\n\n\n<p>Hasta las 15:00 horas, los empleados no hab\u00edan podido salir del inmueble y, pese a que hab\u00edan exigido la presencia policiaca, no hab\u00eda arribado a la zona.<\/p>\n\n\n\n<p>El titular de la Secretar\u00eda de Gobierno, Jes\u00fas Romero L\u00f3pez, excus\u00f3 que se trata de un conflicto interno que deber\u00e1 ser dirimido por los propios pobladores y sus autoridades, al tiempo de reprobar las agresiones en contra de los trabajadores.<\/p>\n","protected":false},"excerpt":{"rendered":"<p>Raymundo Morales\/Zona Roja. Oaxaca de Ju\u00e1rez, Oax., a 1 de julio de 2024.- Un grupo&hellip;<\/p>\n","protected":false},"author":2,"featured_media":69950,"comment_status":"closed","ping_status":"open","sticky":false,"template":"","format":"standard","meta":{"_lmt_disableupdate":"","_lmt_disable":"","_jetpack_memberships_contains_paid_content":false,"footnotes":""},"categories":[109,47],"tags":[325,1259],"class_list":["post-69930","post","type-post","status-publish","format-standard","has-post-thumbnail","hentry","category-minuto-a-minuto","category-zona-gris","tag-ciudad-administrativa","tag-tlalixtac-de-cabrera"],"jetpack_featured_media_url":"https:\/\/zonaroja.com.mx\/wp-content\/uploads\/2024\/07\/Conflicto-Ciudad-Administrativa-Tlalixtac.jpg","jetpack_sharing_enabled":true,"_links":{"self":[{"href":"https:\/\/zonaroja.com.mx\/index.php?rest_route=\/wp\/v2\/posts\/69930","targetHints":{"allow":["GET"]}}],"collection":[{"href":"https:\/\/zonaroja.com.mx\/index.php?rest_route=\/wp\/v2\/posts"}],"about":[{"href":"https:\/\/zonaroja.com.mx\/index.php?rest_route=\/wp\/v2\/types\/post"}],"author":[{"embeddable":true,"href":"https:\/\/zonaroja.com.mx\/index.php?rest_route=\/wp\/v2\/users\/2"}],"replies":[{"embeddable":true,"href":"https:\/\/zonaroja.com.mx\/index.php?rest_route=%2Fwp%2Fv2%2Fcomments&post=69930"}],"version-history":[{"count":1,"href":"https:\/\/zonaroja.com.mx\/index.php?rest_route=\/wp\/v2\/posts\/69930\/revisions"}],"predecessor-version":[{"id":69951,"href":"https:\/\/zonaroja.com.mx\/index.php?rest_route=\/wp\/v2\/posts\/69930\/revisions\/69951"}],"wp:featuredmedia":[{"embeddable":true,"href":"https:\/\/zonaroja.com.mx\/index.php?rest_route=\/wp\/v2\/media\/69950"}],"wp:attachment":[{"href":"https:\/\/zonaroja.com.mx\/index.php?rest_route=%2Fwp%2Fv2%2Fmedia&parent=69930"}],"wp:term":[{"taxonomy":"category","embeddable":true,"href":"https:\/\/zonaroja.com.mx\/index.php?rest_route=%2Fwp%2Fv2%2Fcategories&post=69930"},{"taxonomy":"post_tag","embeddable":true,"href":"https:\/\/zonaroja.com.mx\/index.php?rest_route=%2Fwp%2Fv2%2Ftags&post=69930"}],"curies":[{"name":"wp","href":"https:\/\/api.w.org\/{rel}","templated":true}]}}