{"id":69931,"date":"2024-06-30T20:25:39","date_gmt":"2024-07-01T02:25:39","guid":{"rendered":"https:\/\/zonaroja.com.mx\/?p=69931"},"modified":"2024-06-30T20:25:41","modified_gmt":"2024-07-01T02:25:41","slug":"reforesta-el-gobierno-municipal-la-zona-poniente-de-la-ciudad-de-oaxaca","status":"publish","type":"post","link":"https:\/\/zonaroja.com.mx\/?p=69931","title":{"rendered":"Reforesta el gobierno municipal la zona poniente de la ciudad de Oaxaca"},"content":{"rendered":"\n<p>Redacci\u00f3n\/Zona Roja.<\/p>\n\n\n\n<p>Oaxaca de Ju\u00e1rez, Oax., a 30 de junio de 2024.- En un esfuerzo por revitalizar espacios naturales&nbsp; y dejar un legado duradero para futuras generaciones, el ayuntamiento de Oaxaca de Ju\u00e1rez, a trav\u00e9s de la Secretar\u00eda de Medio Ambiente y Cambio Clim\u00e1tico, llev\u00f3 a cabo una magna reforestaci\u00f3n en las agencias municipales de Trinidad de Viguera, Pueblo Nuevo y Santa Rosa.&nbsp;<\/p>\n\n\n\n<p>El evento, que dio inicio a las 07:00 horas, fue encabezado por el presidente municipal, Francisco Mart\u00ednez Neri, quien dio el banderazo de salida para que los cientos de personas presentes comenzaran con esta trascendental actividad.&nbsp;<\/p>\n\n\n\n<p>\u201cPlantar un \u00e1rbol hoy es sembrar vida y esperanza para las futuras generaciones, juntas y juntos hacemos la diferencia. Seguiremos trabajando en beneficio de la ciudadan\u00eda y el medio ambiente\u201d, expres\u00f3 el edil capitalino.<\/p>\n\n\n\n<p>Por su parte la Secretaria de Medio Ambiente y Cambio Clim\u00e1tico, Elsa Ortiz Rodr\u00edguez, destac\u00f3 la importancia de este tipo de iniciativas para la sostenibilidad de la ciudad.<\/p>\n\n\n\n<p>La reforestaci\u00f3n concluy\u00f3 en la siembra de 150 \u00e1rboles primavera y 150 macuiles en los camellones del monumento a Ju\u00e1rez hasta el mercado de Santa Rosa, con una amplia participaci\u00f3n de activistas ambientales, j\u00f3venes e integrantes de Comit\u00e9s de Vida Vecinal de la zona.<\/p>\n\n\n\n<p>Estas acciones forman parte del programa \u00abReforestando mi ciudad\u00bb, que no solo contribuye a mejorar la calidad del aire y la belleza natural de la capital, sino que tambi\u00e9n fortalece el sentido de comunidad y compromiso con la conservaci\u00f3n de nuestro entorno.&nbsp;<\/p>\n\n\n\n<p>El Ayuntamiento de Oaxaca de Ju\u00e1rez reafirma su compromiso con la creaci\u00f3n de un futuro m\u00e1s verde y saludable para la ciudadan\u00eda.<\/p>\n","protected":false},"excerpt":{"rendered":"<p>Redacci\u00f3n\/Zona Roja. Oaxaca de Ju\u00e1rez, Oax., a 30 de junio de 2024.- En un esfuerzo&hellip;<\/p>\n","protected":false},"author":2,"featured_media":69932,"comment_status":"closed","ping_status":"open","sticky":false,"template":"","format":"standard","meta":{"_lmt_disableupdate":"","_lmt_disable":"","_jetpack_memberships_contains_paid_content":false,"footnotes":""},"categories":[109,46],"tags":[148],"class_list":["post-69931","post","type-post","status-publish","format-standard","has-post-thumbnail","hentry","category-minuto-a-minuto","category-zona-blanca","tag-oaxaca-de-juarez"],"jetpack_featured_media_url":"https:\/\/zonaroja.com.mx\/wp-content\/uploads\/2024\/06\/Reforestacion-Neri-ciudad-de-Oaxaca.jpeg","jetpack_sharing_enabled":true,"_links":{"self":[{"href":"https:\/\/zonaroja.com.mx\/index.php?rest_route=\/wp\/v2\/posts\/69931","targetHints":{"allow":["GET"]}}],"collection":[{"href":"https:\/\/zonaroja.com.mx\/index.php?rest_route=\/wp\/v2\/posts"}],"about":[{"href":"https:\/\/zonaroja.com.mx\/index.php?rest_route=\/wp\/v2\/types\/post"}],"author":[{"embeddable":true,"href":"https:\/\/zonaroja.com.mx\/index.php?rest_route=\/wp\/v2\/users\/2"}],"replies":[{"embeddable":true,"href":"https:\/\/zonaroja.com.mx\/index.php?rest_route=%2Fwp%2Fv2%2Fcomments&post=69931"}],"version-history":[{"count":1,"href":"https:\/\/zonaroja.com.mx\/index.php?rest_route=\/wp\/v2\/posts\/69931\/revisions"}],"predecessor-version":[{"id":69933,"href":"https:\/\/zonaroja.com.mx\/index.php?rest_route=\/wp\/v2\/posts\/69931\/revisions\/69933"}],"wp:featuredmedia":[{"embeddable":true,"href":"https:\/\/zonaroja.com.mx\/index.php?rest_route=\/wp\/v2\/media\/69932"}],"wp:attachment":[{"href":"https:\/\/zonaroja.com.mx\/index.php?rest_route=%2Fwp%2Fv2%2Fmedia&parent=69931"}],"wp:term":[{"taxonomy":"category","embeddable":true,"href":"https:\/\/zonaroja.com.mx\/index.php?rest_route=%2Fwp%2Fv2%2Fcategories&post=69931"},{"taxonomy":"post_tag","embeddable":true,"href":"https:\/\/zonaroja.com.mx\/index.php?rest_route=%2Fwp%2Fv2%2Ftags&post=69931"}],"curies":[{"name":"wp","href":"https:\/\/api.w.org\/{rel}","templated":true}]}}