{"id":69936,"date":"2024-07-01T08:05:53","date_gmt":"2024-07-01T14:05:53","guid":{"rendered":"https:\/\/zonaroja.com.mx\/?p=69936"},"modified":"2024-07-01T08:05:54","modified_gmt":"2024-07-01T14:05:54","slug":"por-fin-inicia-traslado-de-mercancias-en-corredor-interoceanico","status":"publish","type":"post","link":"https:\/\/zonaroja.com.mx\/?p=69936","title":{"rendered":"Por fin, inicia traslado de mercanc\u00edas en Corredor Interoce\u00e1nico"},"content":{"rendered":"\n<p>Ismael Garc\u00eda M.\/Zona Roja. Fotos: Cortes\u00eda.<\/p>\n\n\n\n<p>Oaxaca de Ju\u00e1rez, Oax., a 1 de julio de 2024.- Por fin, tras su inauguraci\u00f3n, el tren del Corredor Interoce\u00e1nico del Istmo de Tehuantepec inici\u00f3 con el traslado de cargas.<\/p>\n\n\n\n<p>Se trata de al menos 13 mil 500 toneladas de ma\u00edz, procedentes del puerto de Topolobampo, Sinaloa, y arrib\u00f3 la semana pasada en un buque de la Secretar\u00eda de Marina al puerto de Salina Cruz, Oaxaca.<\/p>\n\n\n\n<p>Ayer comenz\u00f3 el traslado del grano de productores sinaloenses, en al menos 45 tolvaneras del tren Interoce\u00e1nico, con destino a Veracruz.<\/p>\n\n\n\n<p>\u201cEstamos muy felices de anunciar que el primer embarque del Tren Interoce\u00e1nico est\u00e1 en marcha para trasladar 13 mil 500 toneladas de ma\u00edz blanco, del Grupo Gruma, l\u00edder en la producci\u00f3n de harina de ma\u00edz a nivel nacional, gracias al convenio firmado entre esta empresa, el Ferrocarril del Istmo de Tehuantepec y la Secretar\u00eda de Marina\u201d, difundi\u00f3 anoche el gobernador Salom\u00f3n Jara Cruz.<\/p>\n\n\n\n<p>Detall\u00f3 que esta carga de ma\u00edz nacional lleg\u00f3 a bordo del buque \u00abMar de Cort\u00e9s\u00bb el 24 de junio y se transportar\u00e1 en tres viajes, cada uno de 45 tolvas graneleras nuevas, para llegar a la planta de Maseca en Chinameca, Veracruz. \u201cHoy, el renacimiento del ferrocarril es una realidad que transformar\u00e1 la vida de nuestras paisanas y paisanos del Istmo, y que dar\u00e1 un nuevo impulso al sur-sureste de M\u00e9xico\u201d, poste\u00f3.<\/p>\n\n\n\n<p>De acuerdo con medios informativos regionales, como \u201cCortamortaja\u201d, ello ocurre despu\u00e9s de casi una d\u00e9cada en que Salina Cruz no ten\u00eda movimiento comercial de granos.<\/p>\n\n\n\n<p>Se indic\u00f3 que con la transportaci\u00f3n del ma\u00edz mediante tolvas, se busca frenar que sea transportado v\u00eda terrestre con camiones materialistas, que durante su trayecto tiraban parte de los granos y representaba una p\u00e9rdida para los empresarios.&nbsp;<\/p>\n\n\n\n<p>Adem\u00e1s de evitar que se presente un conflicto entre transportistas por el acarreo.<\/p>\n\n\n\n<p>El tren de pasajeros del Corredor Interoce\u00e1nico del Istmo de Tehuantepec, con una longitud de 308 kil\u00f3metros, fue inaugurado el 22 de diciembre de 2023 por el Presidente Andr\u00e9s Manuel L\u00f3pez Obrador, con la presencia de mandatarios de Veracruz y de Oaxaca; une a los puertos de Coatzacoalcos y de Veracruz.<\/p>\n\n\n\n<p>\u201cEstamos inaugurando una etapa nueva. (\u2026) Hay condiciones inmejorables para lograrlo y nada deseo m\u00e1s que florezca este proyecto en esta nueva etapa y va a depender de todas y de todos nosotros porque este proyecto, si lo analizamos bien, ya no es s\u00f3lo para nuestra generaci\u00f3n. (\u2026).<\/p>\n\n\n\n<p>\u201cNecesitamos dejar un futuro con posibilidades de desarrollo para las nuevas generaciones, hay que pensar en los que vienen detr\u00e1s de nosotros. Para ellos es este proyecto y lo hemos logrado con la participaci\u00f3n de todas, de todos y as\u00ed tenemos que seguirlo apoyando, impulsando\u201d, expres\u00f3 en ese entonces el mandatario mexicano.<\/p>\n","protected":false},"excerpt":{"rendered":"<p>Ismael Garc\u00eda M.\/Zona Roja. Fotos: Cortes\u00eda. Oaxaca de Ju\u00e1rez, Oax., a 1 de julio de&hellip;<\/p>\n","protected":false},"author":2,"featured_media":69937,"comment_status":"closed","ping_status":"open","sticky":false,"template":"","format":"standard","meta":{"_lmt_disableupdate":"","_lmt_disable":"","_jetpack_memberships_contains_paid_content":false,"footnotes":""},"categories":[109,46],"tags":[3763],"class_list":["post-69936","post","type-post","status-publish","format-standard","has-post-thumbnail","hentry","category-minuto-a-minuto","category-zona-blanca","tag-corredor-interoceanico-del-istmo-de-tehuantepec"],"jetpack_featured_media_url":"https:\/\/zonaroja.com.mx\/wp-content\/uploads\/2024\/07\/Maiz-corredor-interoceanico-Salina-Cruz.jpg","jetpack_sharing_enabled":true,"_links":{"self":[{"href":"https:\/\/zonaroja.com.mx\/index.php?rest_route=\/wp\/v2\/posts\/69936","targetHints":{"allow":["GET"]}}],"collection":[{"href":"https:\/\/zonaroja.com.mx\/index.php?rest_route=\/wp\/v2\/posts"}],"about":[{"href":"https:\/\/zonaroja.com.mx\/index.php?rest_route=\/wp\/v2\/types\/post"}],"author":[{"embeddable":true,"href":"https:\/\/zonaroja.com.mx\/index.php?rest_route=\/wp\/v2\/users\/2"}],"replies":[{"embeddable":true,"href":"https:\/\/zonaroja.com.mx\/index.php?rest_route=%2Fwp%2Fv2%2Fcomments&post=69936"}],"version-history":[{"count":1,"href":"https:\/\/zonaroja.com.mx\/index.php?rest_route=\/wp\/v2\/posts\/69936\/revisions"}],"predecessor-version":[{"id":69938,"href":"https:\/\/zonaroja.com.mx\/index.php?rest_route=\/wp\/v2\/posts\/69936\/revisions\/69938"}],"wp:featuredmedia":[{"embeddable":true,"href":"https:\/\/zonaroja.com.mx\/index.php?rest_route=\/wp\/v2\/media\/69937"}],"wp:attachment":[{"href":"https:\/\/zonaroja.com.mx\/index.php?rest_route=%2Fwp%2Fv2%2Fmedia&parent=69936"}],"wp:term":[{"taxonomy":"category","embeddable":true,"href":"https:\/\/zonaroja.com.mx\/index.php?rest_route=%2Fwp%2Fv2%2Fcategories&post=69936"},{"taxonomy":"post_tag","embeddable":true,"href":"https:\/\/zonaroja.com.mx\/index.php?rest_route=%2Fwp%2Fv2%2Ftags&post=69936"}],"curies":[{"name":"wp","href":"https:\/\/api.w.org\/{rel}","templated":true}]}}