{"id":69942,"date":"2024-07-01T11:20:00","date_gmt":"2024-07-01T17:20:00","guid":{"rendered":"https:\/\/zonaroja.com.mx\/?p=69942"},"modified":"2024-07-01T08:21:33","modified_gmt":"2024-07-01T14:21:33","slug":"autogolpe-de-estado-en-bolivia-esto-acusa-evo-morales","status":"publish","type":"post","link":"https:\/\/zonaroja.com.mx\/?p=69942","title":{"rendered":"\u00bf&#8217;Autogolpe\u2019 de Estado en Bolivia? Esto acusa Evo Morales"},"content":{"rendered":"\n<p>Redacci\u00f3n\/Zona Roja Cdmx.<\/p>\n\n\n\n<p>Ciudad de M\u00e9xico, a 1 de julio de 2024.- El presidente de Bolivia, Luis Arce, le dijo este domingo \u201cno te equivoques\u201d al exmandatario Evo Morales sobre el alzamiento militar que el l\u00edder del oficialismo calific\u00f3 de \u201cautogolpe\u201d en las \u00faltimas horas.<\/p>\n\n\n\n<p>\u201cEvo Morales, \u00a1no te equivoques una vez m\u00e1s! Claramente lo que ocurri\u00f3 el 26 de junio fue un golpe militar fallido en Bolivia\u201d, escribi\u00f3 el mandatario boliviano en sus redes sociales.<\/p>\n\n\n\n<p>\u201c\u00a1No te pongas del lado del fascismo que niega lo ocurrido! Los responsables que buscaron tomar el poder por las armas est\u00e1n siendo procesados y ser\u00e1n juzgados, como fue el caso de los golpistas de 2019\u2033, a\u00f1adi\u00f3 el presidente.<\/p>\n\n\n\n<p>La publicaci\u00f3n de Arce se da en respuesta a las afirmaciones del expresidente Morales que hizo la ma\u00f1ana de este domingo, cuando declar\u00f3 \u201cLucho Arce enga\u00f1\u00f3 al pueblo boliviano y al mundo entero con este golpe o autogolpe\u201d, durante su programa dominical en la Radio Kawsach\u00fan Coca.<\/p>\n\n\n\n<p>El l\u00edder del oficialista Movimiento Al Socialismo (MAS) dijo que tiene dudas sobre la acci\u00f3n militar que el Gobierno denomin\u00f3 \u201cintento de golpe de Estado\u201d, y que la llamada que le hizo el presidente Arce el mi\u00e9rcoles durante el alzamiento militar \u201cfue una solidaridad de mentira\u201d.<\/p>\n\n\n\n<p>\u201cAqu\u00ed hay varios detalles, inicialmente hasta el mi\u00e9rcoles en la noche, incluso en la ma\u00f1ana del jueves, yo pensaba que era golpe (de Estado), pero ahora estoy confundido, parece un autogolpe\u201d, afirm\u00f3 el tambi\u00e9n l\u00edder cocalero.<\/p>\n\n\n\n<p>TUVO MIEDO<\/p>\n\n\n\n<p>Durante el programa, el expresidente cuestion\u00f3 la forma en que se realiz\u00f3 el alzamiento y la reacci\u00f3n del Gobierno de Arce, incluso d\u00edas atr\u00e1s Morales asegur\u00f3 que \u00e9l \u201cera el blanco\u201d del operativo militar de Zu\u00f1iga.<\/p>\n\n\n\n<p>Tambi\u00e9n dijo que sospecha que la movilizaci\u00f3n militar \u201cfue planificada\u201d por el presidente, para hacerse de prestigio y luego \u201cvictimizarse con l\u00e1grimas de cocodrilo\u201d.<\/p>\n\n\n\n<p>El presidente Arce dijo en una entrevista con EFE que tuvo miedo por \u00e9l, por su gabinete y por los ciudadanos que llegaron a la Plaza Murillo para intentar defender la sede del Ejecutivo durante el \u201cintento de golpe de Estado\u201d del mi\u00e9rcoles pasado.<\/p>\n\n\n\n<p>\u201cSabemos que los militares empiezan a apretar el gatillo\u201d, asegur\u00f3.<\/p>\n\n\n\n<p>El excomandante destituido Zu\u00f1iga lleg\u00f3 el 26 de junio con tanques y hombres armados a la sede del Ejecutivo de Bolivia en la ciudad de La Paz, ah\u00ed dijo que quer\u00eda \u201ccambiar el gabinete de Gobierno\u201d y \u201crestablecer\u201d la democracia, despu\u00e9s de algunas horas de tensi\u00f3n se repleg\u00f3 para ser capturado posteriormente.<\/p>\n\n\n\n<p>LO CRITICAN<\/p>\n\n\n\n<p>Los ministros de la Presidencia, Mar\u00eda Nela Prada, y de Gobierno (Interior) Eduardo Del Castillo criticaron por separado las declaraciones del expresidente Morales.<\/p>\n\n\n\n<p>\u201cEvo hoy pretende decir que el presidente Arce le minti\u00f3 al pa\u00eds y a la comunidad internacional (&#8230;). No podemos ser tan irresponsables con la historia y con la vida del pueblo boliviano solo por el ego, ambiciones de poder\u201d, dijo Prada en un programa del canal estatal Bolivia Tv.<\/p>\n\n\n\n<p>(Informaci\u00f3n de la agencia EFE en \u201cEl Financiero\u201d)<\/p>\n","protected":false},"excerpt":{"rendered":"<p>Redacci\u00f3n\/Zona Roja Cdmx. Ciudad de M\u00e9xico, a 1 de julio de 2024.- El presidente de&hellip;<\/p>\n","protected":false},"author":2,"featured_media":69943,"comment_status":"closed","ping_status":"open","sticky":false,"template":"","format":"standard","meta":{"_lmt_disableupdate":"","_lmt_disable":"","_jetpack_memberships_contains_paid_content":false,"footnotes":""},"categories":[109,47],"tags":[3982],"class_list":["post-69942","post","type-post","status-publish","format-standard","has-post-thumbnail","hentry","category-minuto-a-minuto","category-zona-gris","tag-golpe-de-estado-bolivia"],"jetpack_featured_media_url":"https:\/\/zonaroja.com.mx\/wp-content\/uploads\/2024\/07\/Bolivia-Golpe-de-Estado-Evo.jpeg.avif","jetpack_sharing_enabled":true,"_links":{"self":[{"href":"https:\/\/zonaroja.com.mx\/index.php?rest_route=\/wp\/v2\/posts\/69942","targetHints":{"allow":["GET"]}}],"collection":[{"href":"https:\/\/zonaroja.com.mx\/index.php?rest_route=\/wp\/v2\/posts"}],"about":[{"href":"https:\/\/zonaroja.com.mx\/index.php?rest_route=\/wp\/v2\/types\/post"}],"author":[{"embeddable":true,"href":"https:\/\/zonaroja.com.mx\/index.php?rest_route=\/wp\/v2\/users\/2"}],"replies":[{"embeddable":true,"href":"https:\/\/zonaroja.com.mx\/index.php?rest_route=%2Fwp%2Fv2%2Fcomments&post=69942"}],"version-history":[{"count":1,"href":"https:\/\/zonaroja.com.mx\/index.php?rest_route=\/wp\/v2\/posts\/69942\/revisions"}],"predecessor-version":[{"id":69944,"href":"https:\/\/zonaroja.com.mx\/index.php?rest_route=\/wp\/v2\/posts\/69942\/revisions\/69944"}],"wp:featuredmedia":[{"embeddable":true,"href":"https:\/\/zonaroja.com.mx\/index.php?rest_route=\/wp\/v2\/media\/69943"}],"wp:attachment":[{"href":"https:\/\/zonaroja.com.mx\/index.php?rest_route=%2Fwp%2Fv2%2Fmedia&parent=69942"}],"wp:term":[{"taxonomy":"category","embeddable":true,"href":"https:\/\/zonaroja.com.mx\/index.php?rest_route=%2Fwp%2Fv2%2Fcategories&post=69942"},{"taxonomy":"post_tag","embeddable":true,"href":"https:\/\/zonaroja.com.mx\/index.php?rest_route=%2Fwp%2Fv2%2Ftags&post=69942"}],"curies":[{"name":"wp","href":"https:\/\/api.w.org\/{rel}","templated":true}]}}